{"id":9875,"date":"2022-08-18T14:11:00","date_gmt":"2022-08-18T12:11:00","guid":{"rendered":"https:\/\/basqueteam.eus\/blog\/pena-y-lazcano-pasan-a-las-finales-del-k2-1-000-metros-y-gorrotxategi-a-la-semifinal-en-el-k1-1-000-metros-del-piraguismo-sprint-del-europeo\/"},"modified":"2022-08-31T10:58:52","modified_gmt":"2022-08-31T08:58:52","slug":"pena-y-lazcano-pasan-a-las-finales-del-k2-1-000-metros-y-gorrotxategi-a-la-semifinal-en-el-k1-1-000-metros-del-piraguismo-sprint-del-europeo","status":"publish","type":"post","link":"https:\/\/basqueteam.eus\/eu\/blog\/pena-y-lazcano-pasan-a-las-finales-del-k2-1-000-metros-y-gorrotxategi-a-la-semifinal-en-el-k1-1-000-metros-del-piraguismo-sprint-del-europeo\/","title":{"rendered":"I\u00f1igo Pe\u00f1a eta Bego\u00f1a Lazcano sprint piraguismoko K2-1.000 metroko finaletan izango dira, eta Aitor Gorrotxategi, K1-1.000 metroko finalerdian, Europako txapelketan"},"content":{"rendered":"\n<p>Ur lasaietako piraguismoa gaur hasi da Municheko Europako Txapelketan, eta I\u00f1igo Pe\u00f1a, Bego\u00f1a Lazcano eta Aitor Gorrotxategi Basque Teameko kirolariek lehen probak izan dituzte jada.<\/p>\n\n\n\n<p>I\u00f1igo Pe\u00f1ak Paco Cubelosekin bikotea osatu du berriro, K2-1.000 metrokoan distira egiten jarraitzeko. Proba horrek Munduko bi azpitxapelketa eta diploma olinpiko bat eman zizkien. Gaur euren serieko onenak izan dira, zalantzarik gabe, eta 3:19.280 denborarekin A finalera pasa dira zuzenean. Proba hau orain programa olinpikoan sartzen ez denez, Pe\u00f1arentzat lehentasuna izateari utzi dio, baina Europako txapelketa honetan parte hartuko duen hiruretako bat da.<\/p>\n\n\n\n<p>Bego\u00f1a Lazcanok ere K2-1.000 metroko finala jokatzeko txartel zuzena lortu du. Bego\u00f1ak, Laia Pelachsekin batera, bigarren amaitu du gaurko seriean, Poloniako ontziaren atzetik, eta 3:42.948 (+0.501) denbora eginda, A finalera pasatu da. Finalera pasatzen ziren txandako lehen hiru ontzian.<\/p>\n\n\n\n<p>Aitor Gorrotxategi berarentzat ohikoa ez den proba batean lehiatuko da Munichen, K1-1.000 metrokoan. Basque Teameko bikaintasun-proiektuko kidea Madrilgo Blume zentroan ari da entrenatzen talde absolutuarekin, eta Halifaxeko Munduko Txapelketan ere parte hartu du. Kasu honetan, ordea, bakarka ekingo dio txapelketari. Irungoa zazpigarren izan da bere seriean, 3:41.176 (+5.624) denborarekin. Beraz, finalerdia jokatu beharko du A finalera iritsi ahal izateko.<\/p>\n\n\n\n<p><\/p>\n","protected":false},"excerpt":{"rendered":"<p>Ur lasaietako piraguismoa gaur hasi da Municheko Europako Txapelketan, eta I\u00f1igo Pe\u00f1a, Bego\u00f1a Lazcano eta Aitor Gorrotxategi Basque Teameko kirolariek [&hellip;]<\/p>\n","protected":false},"author":5,"featured_media":9872,"comment_status":"open","ping_status":"open","sticky":false,"template":"","format":"standard","meta":{"_acf_changed":false,"inline_featured_image":false,"footnotes":""},"categories":[78],"tags":[],"class_list":["post-9875","post","type-post","status-publish","format-standard","has-post-thumbnail","hentry","category-atletismo-eu"],"acf":[],"yoast_head":"<!-- This site is optimized with the Yoast SEO plugin v27.3 - https:\/\/yoast.com\/product\/yoast-seo-wordpress\/ -->\n<title>I\u00f1igo Pe\u00f1a eta Bego\u00f1a Lazcano sprint piraguismoko K2-1.000 metroko finaletan izango dira, eta Aitor Gorrotxategi, K1-1.000 metroko finalerdian, Europako txapelketan - basqueteam<\/title>\n<meta name=\"robots\" content=\"index, follow, max-snippet:-1, max-image-preview:large, max-video-preview:-1\" \/>\n<link rel=\"canonical\" href=\"https:\/\/basqueteam.eus\/eu\/blog\/pena-y-lazcano-pasan-a-las-finales-del-k2-1-000-metros-y-gorrotxategi-a-la-semifinal-en-el-k1-1-000-metros-del-piraguismo-sprint-del-europeo\/\" \/>\n<meta property=\"og:locale\" content=\"eu_ES\" \/>\n<meta property=\"og:type\" content=\"article\" \/>\n<meta property=\"og:title\" content=\"I\u00f1igo Pe\u00f1a eta Bego\u00f1a Lazcano sprint piraguismoko K2-1.000 metroko finaletan izango dira, eta Aitor Gorrotxategi, K1-1.000 metroko finalerdian, Europako txapelketan - basqueteam\" \/>\n<meta property=\"og:description\" content=\"Ur lasaietako piraguismoa gaur hasi da Municheko Europako Txapelketan, eta I\u00f1igo Pe\u00f1a, Bego\u00f1a Lazcano eta Aitor Gorrotxategi Basque Teameko kirolariek [&hellip;]\" \/>\n<meta property=\"og:url\" content=\"https:\/\/basqueteam.eus\/eu\/blog\/pena-y-lazcano-pasan-a-las-finales-del-k2-1-000-metros-y-gorrotxategi-a-la-semifinal-en-el-k1-1-000-metros-del-piraguismo-sprint-del-europeo\/\" \/>\n<meta property=\"og:site_name\" content=\"basqueteam\" \/>\n<meta property=\"article:published_time\" content=\"2022-08-18T12:11:00+00:00\" \/>\n<meta property=\"article:modified_time\" content=\"2022-08-31T08:58:52+00:00\" \/>\n<meta property=\"og:image\" content=\"https:\/\/basqueteam.eus\/wp-content\/uploads\/2022\/08\/WhatsApp-Image-2022-08-18-at-12.32.40-PM2.jpeg\" \/>\n\t<meta property=\"og:image:width\" content=\"1600\" \/>\n\t<meta property=\"og:image:height\" content=\"900\" \/>\n\t<meta property=\"og:image:type\" content=\"image\/jpeg\" \/>\n<meta name=\"author\" content=\"woko-basqueteam\" \/>\n<meta name=\"twitter:card\" content=\"summary_large_image\" \/>\n<meta name=\"twitter:creator\" content=\"@woko\" \/>\n<script type=\"application\/ld+json\" class=\"yoast-schema-graph\">{\"@context\":\"https:\\\/\\\/schema.org\",\"@graph\":[{\"@type\":\"Article\",\"@id\":\"https:\\\/\\\/basqueteam.eus\\\/eu\\\/blog\\\/pena-y-lazcano-pasan-a-las-finales-del-k2-1-000-metros-y-gorrotxategi-a-la-semifinal-en-el-k1-1-000-metros-del-piraguismo-sprint-del-europeo\\\/#article\",\"isPartOf\":{\"@id\":\"https:\\\/\\\/basqueteam.eus\\\/eu\\\/blog\\\/pena-y-lazcano-pasan-a-las-finales-del-k2-1-000-metros-y-gorrotxategi-a-la-semifinal-en-el-k1-1-000-metros-del-piraguismo-sprint-del-europeo\\\/\"},\"author\":{\"name\":\"woko-basqueteam\",\"@id\":\"https:\\\/\\\/basqueteam.eus\\\/eu\\\/#\\\/schema\\\/person\\\/0e8938a950bbf7f85c32e97e55dc011e\"},\"headline\":\"I\u00f1igo Pe\u00f1a eta Bego\u00f1a Lazcano sprint piraguismoko K2-1.000 metroko finaletan izango dira, eta Aitor Gorrotxategi, K1-1.000 metroko finalerdian, Europako txapelketan\",\"datePublished\":\"2022-08-18T12:11:00+00:00\",\"dateModified\":\"2022-08-31T08:58:52+00:00\",\"mainEntityOfPage\":{\"@id\":\"https:\\\/\\\/basqueteam.eus\\\/eu\\\/blog\\\/pena-y-lazcano-pasan-a-las-finales-del-k2-1-000-metros-y-gorrotxategi-a-la-semifinal-en-el-k1-1-000-metros-del-piraguismo-sprint-del-europeo\\\/\"},\"wordCount\":217,\"commentCount\":0,\"publisher\":{\"@id\":\"https:\\\/\\\/basqueteam.eus\\\/eu\\\/#organization\"},\"image\":{\"@id\":\"https:\\\/\\\/basqueteam.eus\\\/eu\\\/blog\\\/pena-y-lazcano-pasan-a-las-finales-del-k2-1-000-metros-y-gorrotxategi-a-la-semifinal-en-el-k1-1-000-metros-del-piraguismo-sprint-del-europeo\\\/#primaryimage\"},\"thumbnailUrl\":\"https:\\\/\\\/basqueteam.eus\\\/wp-content\\\/uploads\\\/2022\\\/08\\\/WhatsApp-Image-2022-08-18-at-12.32.40-PM2.jpeg\",\"articleSection\":[\"Atletismo\"],\"inLanguage\":\"eu-ES\",\"potentialAction\":[{\"@type\":\"CommentAction\",\"name\":\"Comment\",\"target\":[\"https:\\\/\\\/basqueteam.eus\\\/eu\\\/blog\\\/pena-y-lazcano-pasan-a-las-finales-del-k2-1-000-metros-y-gorrotxategi-a-la-semifinal-en-el-k1-1-000-metros-del-piraguismo-sprint-del-europeo\\\/#respond\"]}]},{\"@type\":\"WebPage\",\"@id\":\"https:\\\/\\\/basqueteam.eus\\\/eu\\\/blog\\\/pena-y-lazcano-pasan-a-las-finales-del-k2-1-000-metros-y-gorrotxategi-a-la-semifinal-en-el-k1-1-000-metros-del-piraguismo-sprint-del-europeo\\\/\",\"url\":\"https:\\\/\\\/basqueteam.eus\\\/eu\\\/blog\\\/pena-y-lazcano-pasan-a-las-finales-del-k2-1-000-metros-y-gorrotxategi-a-la-semifinal-en-el-k1-1-000-metros-del-piraguismo-sprint-del-europeo\\\/\",\"name\":\"I\u00f1igo Pe\u00f1a eta Bego\u00f1a Lazcano sprint piraguismoko K2-1.000 metroko finaletan izango dira, eta Aitor Gorrotxategi, K1-1.000 metroko finalerdian, Europako txapelketan - basqueteam\",\"isPartOf\":{\"@id\":\"https:\\\/\\\/basqueteam.eus\\\/eu\\\/#website\"},\"primaryImageOfPage\":{\"@id\":\"https:\\\/\\\/basqueteam.eus\\\/eu\\\/blog\\\/pena-y-lazcano-pasan-a-las-finales-del-k2-1-000-metros-y-gorrotxategi-a-la-semifinal-en-el-k1-1-000-metros-del-piraguismo-sprint-del-europeo\\\/#primaryimage\"},\"image\":{\"@id\":\"https:\\\/\\\/basqueteam.eus\\\/eu\\\/blog\\\/pena-y-lazcano-pasan-a-las-finales-del-k2-1-000-metros-y-gorrotxategi-a-la-semifinal-en-el-k1-1-000-metros-del-piraguismo-sprint-del-europeo\\\/#primaryimage\"},\"thumbnailUrl\":\"https:\\\/\\\/basqueteam.eus\\\/wp-content\\\/uploads\\\/2022\\\/08\\\/WhatsApp-Image-2022-08-18-at-12.32.40-PM2.jpeg\",\"datePublished\":\"2022-08-18T12:11:00+00:00\",\"dateModified\":\"2022-08-31T08:58:52+00:00\",\"breadcrumb\":{\"@id\":\"https:\\\/\\\/basqueteam.eus\\\/eu\\\/blog\\\/pena-y-lazcano-pasan-a-las-finales-del-k2-1-000-metros-y-gorrotxategi-a-la-semifinal-en-el-k1-1-000-metros-del-piraguismo-sprint-del-europeo\\\/#breadcrumb\"},\"inLanguage\":\"eu-ES\",\"potentialAction\":[{\"@type\":\"ReadAction\",\"target\":[\"https:\\\/\\\/basqueteam.eus\\\/eu\\\/blog\\\/pena-y-lazcano-pasan-a-las-finales-del-k2-1-000-metros-y-gorrotxategi-a-la-semifinal-en-el-k1-1-000-metros-del-piraguismo-sprint-del-europeo\\\/\"]}]},{\"@type\":\"ImageObject\",\"inLanguage\":\"eu-ES\",\"@id\":\"https:\\\/\\\/basqueteam.eus\\\/eu\\\/blog\\\/pena-y-lazcano-pasan-a-las-finales-del-k2-1-000-metros-y-gorrotxategi-a-la-semifinal-en-el-k1-1-000-metros-del-piraguismo-sprint-del-europeo\\\/#primaryimage\",\"url\":\"https:\\\/\\\/basqueteam.eus\\\/wp-content\\\/uploads\\\/2022\\\/08\\\/WhatsApp-Image-2022-08-18-at-12.32.40-PM2.jpeg\",\"contentUrl\":\"https:\\\/\\\/basqueteam.eus\\\/wp-content\\\/uploads\\\/2022\\\/08\\\/WhatsApp-Image-2022-08-18-at-12.32.40-PM2.jpeg\",\"width\":1600,\"height\":900},{\"@type\":\"BreadcrumbList\",\"@id\":\"https:\\\/\\\/basqueteam.eus\\\/eu\\\/blog\\\/pena-y-lazcano-pasan-a-las-finales-del-k2-1-000-metros-y-gorrotxategi-a-la-semifinal-en-el-k1-1-000-metros-del-piraguismo-sprint-del-europeo\\\/#breadcrumb\",\"itemListElement\":[{\"@type\":\"ListItem\",\"position\":1,\"name\":\"Portada\",\"item\":\"https:\\\/\\\/basqueteam.eus\\\/eu\\\/\"},{\"@type\":\"ListItem\",\"position\":2,\"name\":\"I\u00f1igo Pe\u00f1a eta Bego\u00f1a Lazcano sprint piraguismoko K2-1.000 metroko finaletan izango dira, eta Aitor Gorrotxategi, K1-1.000 metroko finalerdian, Europako txapelketan\"}]},{\"@type\":\"WebSite\",\"@id\":\"https:\\\/\\\/basqueteam.eus\\\/eu\\\/#website\",\"url\":\"https:\\\/\\\/basqueteam.eus\\\/eu\\\/\",\"name\":\"basqueteam\",\"description\":\"Goi Mailako Euskal kirola babesteko eratu den fundazioa da.\",\"publisher\":{\"@id\":\"https:\\\/\\\/basqueteam.eus\\\/eu\\\/#organization\"},\"potentialAction\":[{\"@type\":\"SearchAction\",\"target\":{\"@type\":\"EntryPoint\",\"urlTemplate\":\"https:\\\/\\\/basqueteam.eus\\\/eu\\\/?s={search_term_string}\"},\"query-input\":{\"@type\":\"PropertyValueSpecification\",\"valueRequired\":true,\"valueName\":\"search_term_string\"}}],\"inLanguage\":\"eu-ES\"},{\"@type\":\"Organization\",\"@id\":\"https:\\\/\\\/basqueteam.eus\\\/eu\\\/#organization\",\"name\":\"Basqueteam\",\"url\":\"https:\\\/\\\/basqueteam.eus\\\/eu\\\/\",\"logo\":{\"@type\":\"ImageObject\",\"inLanguage\":\"eu-ES\",\"@id\":\"https:\\\/\\\/basqueteam.eus\\\/eu\\\/#\\\/schema\\\/logo\\\/image\\\/\",\"url\":\"https:\\\/\\\/basqueteam.eus\\\/wp-content\\\/uploads\\\/2022\\\/09\\\/basque-team-logo-positivo.svg\",\"contentUrl\":\"https:\\\/\\\/basqueteam.eus\\\/wp-content\\\/uploads\\\/2022\\\/09\\\/basque-team-logo-positivo.svg\",\"width\":\"1024\",\"height\":\"1024\",\"caption\":\"Basqueteam\"},\"image\":{\"@id\":\"https:\\\/\\\/basqueteam.eus\\\/eu\\\/#\\\/schema\\\/logo\\\/image\\\/\"}},{\"@type\":\"Person\",\"@id\":\"https:\\\/\\\/basqueteam.eus\\\/eu\\\/#\\\/schema\\\/person\\\/0e8938a950bbf7f85c32e97e55dc011e\",\"name\":\"woko-basqueteam\",\"image\":{\"@type\":\"ImageObject\",\"inLanguage\":\"eu-ES\",\"@id\":\"https:\\\/\\\/secure.gravatar.com\\\/avatar\\\/ed80c52e552a422e5b1f3f89a7bc59e06998c3a23fd4bf594bec65e3b8f0e744?s=96&d=mm&r=g\",\"url\":\"https:\\\/\\\/secure.gravatar.com\\\/avatar\\\/ed80c52e552a422e5b1f3f89a7bc59e06998c3a23fd4bf594bec65e3b8f0e744?s=96&d=mm&r=g\",\"contentUrl\":\"https:\\\/\\\/secure.gravatar.com\\\/avatar\\\/ed80c52e552a422e5b1f3f89a7bc59e06998c3a23fd4bf594bec65e3b8f0e744?s=96&d=mm&r=g\",\"caption\":\"woko-basqueteam\"},\"sameAs\":[\"https:\\\/\\\/x.com\\\/woko\"]}]}<\/script>\n<!-- \/ Yoast SEO plugin. -->","yoast_head_json":{"title":"I\u00f1igo Pe\u00f1a eta Bego\u00f1a Lazcano sprint piraguismoko K2-1.000 metroko finaletan izango dira, eta Aitor Gorrotxategi, K1-1.000 metroko finalerdian, Europako txapelketan - basqueteam","robots":{"index":"index","follow":"follow","max-snippet":"max-snippet:-1","max-image-preview":"max-image-preview:large","max-video-preview":"max-video-preview:-1"},"canonical":"https:\/\/basqueteam.eus\/eu\/blog\/pena-y-lazcano-pasan-a-las-finales-del-k2-1-000-metros-y-gorrotxategi-a-la-semifinal-en-el-k1-1-000-metros-del-piraguismo-sprint-del-europeo\/","og_locale":"eu_ES","og_type":"article","og_title":"I\u00f1igo Pe\u00f1a eta Bego\u00f1a Lazcano sprint piraguismoko K2-1.000 metroko finaletan izango dira, eta Aitor Gorrotxategi, K1-1.000 metroko finalerdian, Europako txapelketan - basqueteam","og_description":"Ur lasaietako piraguismoa gaur hasi da Municheko Europako Txapelketan, eta I\u00f1igo Pe\u00f1a, Bego\u00f1a Lazcano eta Aitor Gorrotxategi Basque Teameko kirolariek [&hellip;]","og_url":"https:\/\/basqueteam.eus\/eu\/blog\/pena-y-lazcano-pasan-a-las-finales-del-k2-1-000-metros-y-gorrotxategi-a-la-semifinal-en-el-k1-1-000-metros-del-piraguismo-sprint-del-europeo\/","og_site_name":"basqueteam","article_published_time":"2022-08-18T12:11:00+00:00","article_modified_time":"2022-08-31T08:58:52+00:00","og_image":[{"width":1600,"height":900,"url":"https:\/\/basqueteam.eus\/wp-content\/uploads\/2022\/08\/WhatsApp-Image-2022-08-18-at-12.32.40-PM2.jpeg","type":"image\/jpeg"}],"author":"woko-basqueteam","twitter_card":"summary_large_image","twitter_creator":"@woko","schema":{"@context":"https:\/\/schema.org","@graph":[{"@type":"Article","@id":"https:\/\/basqueteam.eus\/eu\/blog\/pena-y-lazcano-pasan-a-las-finales-del-k2-1-000-metros-y-gorrotxategi-a-la-semifinal-en-el-k1-1-000-metros-del-piraguismo-sprint-del-europeo\/#article","isPartOf":{"@id":"https:\/\/basqueteam.eus\/eu\/blog\/pena-y-lazcano-pasan-a-las-finales-del-k2-1-000-metros-y-gorrotxategi-a-la-semifinal-en-el-k1-1-000-metros-del-piraguismo-sprint-del-europeo\/"},"author":{"name":"woko-basqueteam","@id":"https:\/\/basqueteam.eus\/eu\/#\/schema\/person\/0e8938a950bbf7f85c32e97e55dc011e"},"headline":"I\u00f1igo Pe\u00f1a eta Bego\u00f1a Lazcano sprint piraguismoko K2-1.000 metroko finaletan izango dira, eta Aitor Gorrotxategi, K1-1.000 metroko finalerdian, Europako txapelketan","datePublished":"2022-08-18T12:11:00+00:00","dateModified":"2022-08-31T08:58:52+00:00","mainEntityOfPage":{"@id":"https:\/\/basqueteam.eus\/eu\/blog\/pena-y-lazcano-pasan-a-las-finales-del-k2-1-000-metros-y-gorrotxategi-a-la-semifinal-en-el-k1-1-000-metros-del-piraguismo-sprint-del-europeo\/"},"wordCount":217,"commentCount":0,"publisher":{"@id":"https:\/\/basqueteam.eus\/eu\/#organization"},"image":{"@id":"https:\/\/basqueteam.eus\/eu\/blog\/pena-y-lazcano-pasan-a-las-finales-del-k2-1-000-metros-y-gorrotxategi-a-la-semifinal-en-el-k1-1-000-metros-del-piraguismo-sprint-del-europeo\/#primaryimage"},"thumbnailUrl":"https:\/\/basqueteam.eus\/wp-content\/uploads\/2022\/08\/WhatsApp-Image-2022-08-18-at-12.32.40-PM2.jpeg","articleSection":["Atletismo"],"inLanguage":"eu-ES","potentialAction":[{"@type":"CommentAction","name":"Comment","target":["https:\/\/basqueteam.eus\/eu\/blog\/pena-y-lazcano-pasan-a-las-finales-del-k2-1-000-metros-y-gorrotxategi-a-la-semifinal-en-el-k1-1-000-metros-del-piraguismo-sprint-del-europeo\/#respond"]}]},{"@type":"WebPage","@id":"https:\/\/basqueteam.eus\/eu\/blog\/pena-y-lazcano-pasan-a-las-finales-del-k2-1-000-metros-y-gorrotxategi-a-la-semifinal-en-el-k1-1-000-metros-del-piraguismo-sprint-del-europeo\/","url":"https:\/\/basqueteam.eus\/eu\/blog\/pena-y-lazcano-pasan-a-las-finales-del-k2-1-000-metros-y-gorrotxategi-a-la-semifinal-en-el-k1-1-000-metros-del-piraguismo-sprint-del-europeo\/","name":"I\u00f1igo Pe\u00f1a eta Bego\u00f1a Lazcano sprint piraguismoko K2-1.000 metroko finaletan izango dira, eta Aitor Gorrotxategi, K1-1.000 metroko finalerdian, Europako txapelketan - basqueteam","isPartOf":{"@id":"https:\/\/basqueteam.eus\/eu\/#website"},"primaryImageOfPage":{"@id":"https:\/\/basqueteam.eus\/eu\/blog\/pena-y-lazcano-pasan-a-las-finales-del-k2-1-000-metros-y-gorrotxategi-a-la-semifinal-en-el-k1-1-000-metros-del-piraguismo-sprint-del-europeo\/#primaryimage"},"image":{"@id":"https:\/\/basqueteam.eus\/eu\/blog\/pena-y-lazcano-pasan-a-las-finales-del-k2-1-000-metros-y-gorrotxategi-a-la-semifinal-en-el-k1-1-000-metros-del-piraguismo-sprint-del-europeo\/#primaryimage"},"thumbnailUrl":"https:\/\/basqueteam.eus\/wp-content\/uploads\/2022\/08\/WhatsApp-Image-2022-08-18-at-12.32.40-PM2.jpeg","datePublished":"2022-08-18T12:11:00+00:00","dateModified":"2022-08-31T08:58:52+00:00","breadcrumb":{"@id":"https:\/\/basqueteam.eus\/eu\/blog\/pena-y-lazcano-pasan-a-las-finales-del-k2-1-000-metros-y-gorrotxategi-a-la-semifinal-en-el-k1-1-000-metros-del-piraguismo-sprint-del-europeo\/#breadcrumb"},"inLanguage":"eu-ES","potentialAction":[{"@type":"ReadAction","target":["https:\/\/basqueteam.eus\/eu\/blog\/pena-y-lazcano-pasan-a-las-finales-del-k2-1-000-metros-y-gorrotxategi-a-la-semifinal-en-el-k1-1-000-metros-del-piraguismo-sprint-del-europeo\/"]}]},{"@type":"ImageObject","inLanguage":"eu-ES","@id":"https:\/\/basqueteam.eus\/eu\/blog\/pena-y-lazcano-pasan-a-las-finales-del-k2-1-000-metros-y-gorrotxategi-a-la-semifinal-en-el-k1-1-000-metros-del-piraguismo-sprint-del-europeo\/#primaryimage","url":"https:\/\/basqueteam.eus\/wp-content\/uploads\/2022\/08\/WhatsApp-Image-2022-08-18-at-12.32.40-PM2.jpeg","contentUrl":"https:\/\/basqueteam.eus\/wp-content\/uploads\/2022\/08\/WhatsApp-Image-2022-08-18-at-12.32.40-PM2.jpeg","width":1600,"height":900},{"@type":"BreadcrumbList","@id":"https:\/\/basqueteam.eus\/eu\/blog\/pena-y-lazcano-pasan-a-las-finales-del-k2-1-000-metros-y-gorrotxategi-a-la-semifinal-en-el-k1-1-000-metros-del-piraguismo-sprint-del-europeo\/#breadcrumb","itemListElement":[{"@type":"ListItem","position":1,"name":"Portada","item":"https:\/\/basqueteam.eus\/eu\/"},{"@type":"ListItem","position":2,"name":"I\u00f1igo Pe\u00f1a eta Bego\u00f1a Lazcano sprint piraguismoko K2-1.000 metroko finaletan izango dira, eta Aitor Gorrotxategi, K1-1.000 metroko finalerdian, Europako txapelketan"}]},{"@type":"WebSite","@id":"https:\/\/basqueteam.eus\/eu\/#website","url":"https:\/\/basqueteam.eus\/eu\/","name":"basqueteam","description":"Goi Mailako Euskal kirola babesteko eratu den fundazioa da.","publisher":{"@id":"https:\/\/basqueteam.eus\/eu\/#organization"},"potentialAction":[{"@type":"SearchAction","target":{"@type":"EntryPoint","urlTemplate":"https:\/\/basqueteam.eus\/eu\/?s={search_term_string}"},"query-input":{"@type":"PropertyValueSpecification","valueRequired":true,"valueName":"search_term_string"}}],"inLanguage":"eu-ES"},{"@type":"Organization","@id":"https:\/\/basqueteam.eus\/eu\/#organization","name":"Basqueteam","url":"https:\/\/basqueteam.eus\/eu\/","logo":{"@type":"ImageObject","inLanguage":"eu-ES","@id":"https:\/\/basqueteam.eus\/eu\/#\/schema\/logo\/image\/","url":"https:\/\/basqueteam.eus\/wp-content\/uploads\/2022\/09\/basque-team-logo-positivo.svg","contentUrl":"https:\/\/basqueteam.eus\/wp-content\/uploads\/2022\/09\/basque-team-logo-positivo.svg","width":"1024","height":"1024","caption":"Basqueteam"},"image":{"@id":"https:\/\/basqueteam.eus\/eu\/#\/schema\/logo\/image\/"}},{"@type":"Person","@id":"https:\/\/basqueteam.eus\/eu\/#\/schema\/person\/0e8938a950bbf7f85c32e97e55dc011e","name":"woko-basqueteam","image":{"@type":"ImageObject","inLanguage":"eu-ES","@id":"https:\/\/secure.gravatar.com\/avatar\/ed80c52e552a422e5b1f3f89a7bc59e06998c3a23fd4bf594bec65e3b8f0e744?s=96&d=mm&r=g","url":"https:\/\/secure.gravatar.com\/avatar\/ed80c52e552a422e5b1f3f89a7bc59e06998c3a23fd4bf594bec65e3b8f0e744?s=96&d=mm&r=g","contentUrl":"https:\/\/secure.gravatar.com\/avatar\/ed80c52e552a422e5b1f3f89a7bc59e06998c3a23fd4bf594bec65e3b8f0e744?s=96&d=mm&r=g","caption":"woko-basqueteam"},"sameAs":["https:\/\/x.com\/woko"]}]}},"_links":{"self":[{"href":"https:\/\/basqueteam.eus\/eu\/wp-json\/wp\/v2\/posts\/9875","targetHints":{"allow":["GET"]}}],"collection":[{"href":"https:\/\/basqueteam.eus\/eu\/wp-json\/wp\/v2\/posts"}],"about":[{"href":"https:\/\/basqueteam.eus\/eu\/wp-json\/wp\/v2\/types\/post"}],"author":[{"embeddable":true,"href":"https:\/\/basqueteam.eus\/eu\/wp-json\/wp\/v2\/users\/5"}],"replies":[{"embeddable":true,"href":"https:\/\/basqueteam.eus\/eu\/wp-json\/wp\/v2\/comments?post=9875"}],"version-history":[{"count":1,"href":"https:\/\/basqueteam.eus\/eu\/wp-json\/wp\/v2\/posts\/9875\/revisions"}],"predecessor-version":[{"id":9876,"href":"https:\/\/basqueteam.eus\/eu\/wp-json\/wp\/v2\/posts\/9875\/revisions\/9876"}],"wp:featuredmedia":[{"embeddable":true,"href":"https:\/\/basqueteam.eus\/eu\/wp-json\/wp\/v2\/media\/9872"}],"wp:attachment":[{"href":"https:\/\/basqueteam.eus\/eu\/wp-json\/wp\/v2\/media?parent=9875"}],"wp:term":[{"taxonomy":"category","embeddable":true,"href":"https:\/\/basqueteam.eus\/eu\/wp-json\/wp\/v2\/categories?post=9875"},{"taxonomy":"post_tag","embeddable":true,"href":"https:\/\/basqueteam.eus\/eu\/wp-json\/wp\/v2\/tags?post=9875"}],"curies":[{"name":"wp","href":"https:\/\/api.w.org\/{rel}","templated":true}]}}