{"id":8912,"date":"2011-06-21T13:48:00","date_gmt":"2011-06-21T11:48:00","guid":{"rendered":"https:\/\/basqueteam.eus\/?p=8912"},"modified":"2022-08-13T13:50:36","modified_gmt":"2022-08-13T11:50:36","slug":"inurrategi-vallejo-y-zabalza-vuelven-de-groenlandia-satisfechos-tras-una-travesia-muy-exigente","status":"publish","type":"post","link":"https:\/\/basqueteam.eus\/eu\/blog\/inurrategi-vallejo-y-zabalza-vuelven-de-groenlandia-satisfechos-tras-una-travesia-muy-exigente\/","title":{"rendered":"I\u00c3\u00b1urrategi, Vallejo y Zabalza vuelven de Groenlandia satisfechos tras una traves\u00c3\u00ada muy exigente"},"content":{"rendered":"\n<p>La destreza adquirida en el uso de las cometas les ha animado para la pr\u00c3\u00b3xima aventura en La Antartida<\/p>\n\n\n\n<p><strong>&nbsp;Bilbao, 21 de junio de 201<\/strong>1.- Un fin de semana de descanso en casa ha mejorado el aspecto f\u00edsico de Alberto I\u00f1urrategi, Juan Vallejo y Mikel Zabalza respecto a las im\u00e1genes que enviaron cuando se encontraban a medio camino de su periplo en Groenlandia. Pero el tremendo esfuerzo de los 2.300 kil\u00f3metros recorridos 32 d\u00edas sobre la meseta helada era todav\u00eda visible en sus ostros hoy, en el transcurso de la rueda de prensa en la que han tenido la oportunidad de relatar los pormenores de su aventura ante los medios de comunicaci\u00f3n.<\/p>\n\n\n\n<p>\u201cLo importante era aprender\u201d ha sido sin duda la frase m\u00e1s repetida por los tres protagonistas en la rueda de prensa. Tambi\u00e9n han coincidido al subrayar c\u00f3mo la experiencia groenlandesa, por la dureza de sus condiciones, ha contribuido a cohesionar el equipo, dot\u00e1ndole de una buena dosis de optimismo y confianza en las propias fuerzas de cara al reto que les espera en oto\u00f1o en la Ant\u00e1rtida.<\/p>\n\n\n\n<p>La expedici\u00f3n BBK\/NATURGAS TRANSANTARTIKA ha conseguido su objetivo en menos tiempo del previsto (32 d\u00edas frente a los 40 estimados), pero no se puede decir que la traves\u00eda del Sur al Norte de Groenlandia haya transcurrido exenta de dificultades. Soportar temperaturas de 30\u00ba bajo cero entraba dentro de lo previsto, no as\u00ed las dur\u00edsimas primeras jornadas, las del ascenso desde la costa hasta la meseta central de la isla, sin ninguna ayuda del viento y arrastrando trineos de m\u00e1s de 100 kilos a golpe de ri\u00f1\u00f3n. Fueron jornadas descorazonadoras, en las que la nieve blanda y profunda las clavaba sobre el terreno y apenas avanzaban 10 kil\u00f3metros por d\u00eda.<\/p>\n\n\n\n<p>A medida que ganaban altura, el viento se fue haciendo presente, acompa\u00f1ado de un fr\u00edo cada vez m\u00e1s intenso. El problema era entonces dominar las cometas, evitar roturas o el vuelco de los trineos, y aguantar hasta 11 horas sobre sus esqu\u00eds sin perder el rumbo en un paisaje desolado. A\u00fan as\u00ed, las tormentas les impidieron en m\u00e1s de una ocasi\u00f3n abandonar la tienda, mientras que otros d\u00edas fue la total ausencia de viento la que les oblig\u00f3 a permanecer anclados sobre el terreno. En sus comunicaciones con la base de BAT Basque Team, a menudo en condiciones muy dif\u00edciles, los expedicionarios definieron muy gr\u00e1ficamente la dureza de esta aventura: \u201cEsto es alpinismo horizontal, con el inconveniente de que al final de la jornada no tienes un campamento base donde relajarte y que el cocinero te traiga un t\u00e9\u201d.<\/p>\n\n\n\n<p><strong>Un reto a\u00fan mayor<\/strong><\/p>\n\n\n\n<p>El \u00e9xito alcanzado no debe hacer olvidar que Groenlandia no es sino la primera parte del proyecto NATURGAS\/BBK TRANSANTARTIKA 2011, y que dentro de cinco meses I\u00f1urrategi, Vallejo y Zabalza deber\u00e1n afrontar un reto a\u00fan mayor en la Ant\u00e1rtida. Aprovechando el verano austral, el equipo de BAT Basque Team pretende volver a permanecer en total autonom\u00eda, esta vez durante aproximadamente 70 d\u00edas, y con el hito a\u00f1adido de alcanzar el Polo Sur. Otro elemento diferenciador va a ser la combinaci\u00f3n de la traves\u00eda con trineos tirados por cometas con alguna escalada. A falta de concretar los detalles del recorrido, las primeras etapas probablemente atravesar\u00e1n la regi\u00f3n conocida como \u201cla Tierra de la Reina Maud\u201d, que acoge algunas de las formaciones rocosas m\u00e1s espectaculares de la Ant\u00e1rtida. All\u00ed podr\u00edan intentar coronar alguno de sus picos, que ofrecen una especial complicaci\u00f3n t\u00e9cnica, adem\u00e1s de las condiciones climatol\u00f3gicas extremas que caracterizan al continente helado.<\/p>\n\n\n\n<p>Alberto I\u00f1urrategi (Aretxabaleta, 1968), Juan Vallejo (Gasteiz 1970) y Mikel Zabalza (Iru\u00f1ea, 1970) han conformado un equipo perfectamente compenetrado, para el que NATURGAS\/BBK TRANSANTARTIKA 2011 constituye el cuarto proyecto conjunto con el apoyo de BAT Basque Team desde el a\u00f1o 2009. Tras dos intentos de escalar en estilo alpino el pilar Oeste del Makalu y el corredor Hornbein del Everest, malogrados por la climatolog\u00eda adversa, el a\u00f1o pasado lograron abrir una nueva v\u00eda en el Broad Peak y encadenar sus tres cimas, tambi\u00e9n en estilo alpino. I\u00f1urrategi, Vallejo y Zabalza acumulan cerca de una treintena de ochomiles, adem\u00e1s de otras muchas ascensiones en los cinco continentes y en las m\u00e1s diversas condiciones de clima y dificultad t\u00e9cnica.<br><strong><br>Declaraciones<\/strong><\/p>\n\n\n\n<p>I\u00f1urrategi ha explicado que \u201c\u00e9sta era una experiencia nueva, en la que lo importante era aprender, y lo cierto es que hemos aprendido mucho: sobre la t\u00e9cnica del manejo de cometas, sobre la importancia de la nutrici\u00f3n y de la planificaci\u00f3n previa, sobre la convivencia en un espacio muy reducido durante muchas horas, y sobre c\u00f3mo seguir adelante a pesar de los problemas\u201d. Tambi\u00e9n ha incidido en la dureza de la experiencia vivida en Groenlandia \u201cque no se refleja en las im\u00e1genes, porque ah\u00ed no se ve lo que supone arrastrar 150 kilos con 30 cent\u00edmetros de nieve, o la frustraci\u00f3n de hacer apenas 10 kil\u00f3metros al d\u00eda cuando te quedan 2.000 por delante, el fr\u00edo, el aislamiento, el sufrimiento de pasar 12 horas con unas botas de esqu\u00ed, o las tres horas que nos costaba cada d\u00eda montar el campamento y disponer de agua y comida\u201d.<\/p>\n\n\n\n<p>Por su parte, Juan Vallejo ha expresado la satisfacci\u00f3n del equipo \u201cporque hemos cubierto muchas aspiraciones a un tiempo, y hemos aprendido a desenvolvernos en un medio que, aunque es similar a la monta\u00f1a, tiene sus peculiaridades\u201d. El vitoriano ha explicado que \u201clo que se pens\u00f3 como una prueba ha acabado siendo una gran expedici\u00f3n, mucho m\u00e1s dura de lo que cre\u00edamos, pero hemos sabido solventar los problemas y ha resultado realmente enriquecedora\u201d. Vallejo ha a\u00f1adido que \u201clo que nos espera ahora son los mismos ingredientes al cuadrado: va a ser m\u00e1s larga, en condiciones m\u00e1s duras, con terreno y vientos menos favorables, y a\u00f1adiendo el factor de la escalada\u201d.<\/p>\n\n\n\n<p>Mikel Zabalza ha incidido en lo que a su juicio fueron los momentos m\u00e1s duros de la traves\u00eda, \u201clos primeros d\u00edas, que fueron f\u00edsicamente muy exigentes, o m\u00e1s tarde el fr\u00edo en los pies, el dolor en las rodillas y en las piernas por un esfuerzo muy est\u00e1tico cuando pod\u00edamos sacar provecho a las cometas, hasta el punto que en m\u00e1s de una ocasi\u00f3n pensaba que me iba a caer mientras mont\u00e1bamos el campamento\u201d. El navarro tambi\u00e9n ha destacado entre lo mejor de la experiencia \u201cel grado de convivencia y armon\u00eda entre nosotros, porque al final una traves\u00eda como \u00e9sta se convierte en una especie de matrimonio en el que no puedes desconectar de las personas con las que compartes las 24 horas durante varias semanas\u201d. Mikel es adem\u00e1s el \u00fanico de los tres con experiencia previa en la Ant\u00e1rtida, tras una expedici\u00f3n de hace ahora 10 a\u00f1os, y ahora se siente \u201cdoblemente afortunado, porque est\u00e9ticamente se trata del lugar m\u00e1s incre\u00edble que he visto en mi vida, con picos de roca que se elevan mil metros sobre la superficie helada\u201d.<\/p>\n","protected":false},"excerpt":{"rendered":"<p>La destreza adquirida en el uso de las cometas les ha animado para la pr\u00c3\u00b3xima aventura en La Antartida &nbsp;Bilbao, [&hellip;]<\/p>\n","protected":false},"author":5,"featured_media":8865,"comment_status":"open","ping_status":"open","sticky":false,"template":"","format":"standard","meta":{"_acf_changed":false,"inline_featured_image":false,"footnotes":""},"categories":[2],"tags":[],"class_list":["post-8912","post","type-post","status-publish","format-standard","has-post-thumbnail","hentry","category-kategoriarik-gabe"],"acf":[],"yoast_head":"<!-- This site is optimized with the Yoast SEO plugin v27.3 - https:\/\/yoast.com\/product\/yoast-seo-wordpress\/ -->\n<title>I\u00c3\u00b1urrategi, Vallejo y Zabalza vuelven de Groenlandia satisfechos tras una traves\u00c3\u00ada muy exigente - basqueteam<\/title>\n<meta name=\"robots\" content=\"index, follow, max-snippet:-1, max-image-preview:large, max-video-preview:-1\" \/>\n<link rel=\"canonical\" href=\"https:\/\/basqueteam.eus\/eu\/blog\/inurrategi-vallejo-y-zabalza-vuelven-de-groenlandia-satisfechos-tras-una-travesia-muy-exigente\/\" \/>\n<meta property=\"og:locale\" content=\"eu_ES\" \/>\n<meta property=\"og:type\" content=\"article\" \/>\n<meta property=\"og:title\" content=\"I\u00c3\u00b1urrategi, Vallejo y Zabalza vuelven de Groenlandia satisfechos tras una traves\u00c3\u00ada muy exigente - basqueteam\" \/>\n<meta property=\"og:description\" content=\"La destreza adquirida en el uso de las cometas les ha animado para la pr\u00c3\u00b3xima aventura en La Antartida &nbsp;Bilbao, [&hellip;]\" \/>\n<meta property=\"og:url\" content=\"https:\/\/basqueteam.eus\/eu\/blog\/inurrategi-vallejo-y-zabalza-vuelven-de-groenlandia-satisfechos-tras-una-travesia-muy-exigente\/\" \/>\n<meta property=\"og:site_name\" content=\"basqueteam\" \/>\n<meta property=\"article:published_time\" content=\"2011-06-21T11:48:00+00:00\" \/>\n<meta property=\"article:modified_time\" content=\"2022-08-13T11:50:36+00:00\" \/>\n<meta property=\"og:image\" content=\"https:\/\/basqueteam.eus\/wp-content\/uploads\/2022\/08\/groenlandiaexigente.jpg\" \/>\n\t<meta property=\"og:image:width\" content=\"1771\" \/>\n\t<meta property=\"og:image:height\" content=\"1341\" \/>\n\t<meta property=\"og:image:type\" content=\"image\/jpeg\" \/>\n<meta name=\"author\" content=\"woko-basqueteam\" \/>\n<meta name=\"twitter:card\" content=\"summary_large_image\" \/>\n<meta name=\"twitter:creator\" content=\"@woko\" \/>\n<script type=\"application\/ld+json\" class=\"yoast-schema-graph\">{\"@context\":\"https:\\\/\\\/schema.org\",\"@graph\":[{\"@type\":\"Article\",\"@id\":\"https:\\\/\\\/basqueteam.eus\\\/eu\\\/blog\\\/inurrategi-vallejo-y-zabalza-vuelven-de-groenlandia-satisfechos-tras-una-travesia-muy-exigente\\\/#article\",\"isPartOf\":{\"@id\":\"https:\\\/\\\/basqueteam.eus\\\/eu\\\/blog\\\/inurrategi-vallejo-y-zabalza-vuelven-de-groenlandia-satisfechos-tras-una-travesia-muy-exigente\\\/\"},\"author\":{\"name\":\"woko-basqueteam\",\"@id\":\"https:\\\/\\\/basqueteam.eus\\\/eu\\\/#\\\/schema\\\/person\\\/0e8938a950bbf7f85c32e97e55dc011e\"},\"headline\":\"I\u00c3\u00b1urrategi, Vallejo y Zabalza vuelven de Groenlandia satisfechos tras una traves\u00c3\u00ada muy exigente\",\"datePublished\":\"2011-06-21T11:48:00+00:00\",\"dateModified\":\"2022-08-13T11:50:36+00:00\",\"mainEntityOfPage\":{\"@id\":\"https:\\\/\\\/basqueteam.eus\\\/eu\\\/blog\\\/inurrategi-vallejo-y-zabalza-vuelven-de-groenlandia-satisfechos-tras-una-travesia-muy-exigente\\\/\"},\"wordCount\":1239,\"commentCount\":0,\"publisher\":{\"@id\":\"https:\\\/\\\/basqueteam.eus\\\/eu\\\/#organization\"},\"image\":{\"@id\":\"https:\\\/\\\/basqueteam.eus\\\/eu\\\/blog\\\/inurrategi-vallejo-y-zabalza-vuelven-de-groenlandia-satisfechos-tras-una-travesia-muy-exigente\\\/#primaryimage\"},\"thumbnailUrl\":\"https:\\\/\\\/basqueteam.eus\\\/wp-content\\\/uploads\\\/2022\\\/08\\\/groenlandiaexigente.jpg\",\"articleSection\":[\"Kategoriarik gabe\"],\"inLanguage\":\"eu-ES\",\"potentialAction\":[{\"@type\":\"CommentAction\",\"name\":\"Comment\",\"target\":[\"https:\\\/\\\/basqueteam.eus\\\/eu\\\/blog\\\/inurrategi-vallejo-y-zabalza-vuelven-de-groenlandia-satisfechos-tras-una-travesia-muy-exigente\\\/#respond\"]}]},{\"@type\":\"WebPage\",\"@id\":\"https:\\\/\\\/basqueteam.eus\\\/eu\\\/blog\\\/inurrategi-vallejo-y-zabalza-vuelven-de-groenlandia-satisfechos-tras-una-travesia-muy-exigente\\\/\",\"url\":\"https:\\\/\\\/basqueteam.eus\\\/eu\\\/blog\\\/inurrategi-vallejo-y-zabalza-vuelven-de-groenlandia-satisfechos-tras-una-travesia-muy-exigente\\\/\",\"name\":\"I\u00c3\u00b1urrategi, Vallejo y Zabalza vuelven de Groenlandia satisfechos tras una traves\u00c3\u00ada muy exigente - basqueteam\",\"isPartOf\":{\"@id\":\"https:\\\/\\\/basqueteam.eus\\\/eu\\\/#website\"},\"primaryImageOfPage\":{\"@id\":\"https:\\\/\\\/basqueteam.eus\\\/eu\\\/blog\\\/inurrategi-vallejo-y-zabalza-vuelven-de-groenlandia-satisfechos-tras-una-travesia-muy-exigente\\\/#primaryimage\"},\"image\":{\"@id\":\"https:\\\/\\\/basqueteam.eus\\\/eu\\\/blog\\\/inurrategi-vallejo-y-zabalza-vuelven-de-groenlandia-satisfechos-tras-una-travesia-muy-exigente\\\/#primaryimage\"},\"thumbnailUrl\":\"https:\\\/\\\/basqueteam.eus\\\/wp-content\\\/uploads\\\/2022\\\/08\\\/groenlandiaexigente.jpg\",\"datePublished\":\"2011-06-21T11:48:00+00:00\",\"dateModified\":\"2022-08-13T11:50:36+00:00\",\"breadcrumb\":{\"@id\":\"https:\\\/\\\/basqueteam.eus\\\/eu\\\/blog\\\/inurrategi-vallejo-y-zabalza-vuelven-de-groenlandia-satisfechos-tras-una-travesia-muy-exigente\\\/#breadcrumb\"},\"inLanguage\":\"eu-ES\",\"potentialAction\":[{\"@type\":\"ReadAction\",\"target\":[\"https:\\\/\\\/basqueteam.eus\\\/eu\\\/blog\\\/inurrategi-vallejo-y-zabalza-vuelven-de-groenlandia-satisfechos-tras-una-travesia-muy-exigente\\\/\"]}]},{\"@type\":\"ImageObject\",\"inLanguage\":\"eu-ES\",\"@id\":\"https:\\\/\\\/basqueteam.eus\\\/eu\\\/blog\\\/inurrategi-vallejo-y-zabalza-vuelven-de-groenlandia-satisfechos-tras-una-travesia-muy-exigente\\\/#primaryimage\",\"url\":\"https:\\\/\\\/basqueteam.eus\\\/wp-content\\\/uploads\\\/2022\\\/08\\\/groenlandiaexigente.jpg\",\"contentUrl\":\"https:\\\/\\\/basqueteam.eus\\\/wp-content\\\/uploads\\\/2022\\\/08\\\/groenlandiaexigente.jpg\",\"width\":1771,\"height\":1341},{\"@type\":\"BreadcrumbList\",\"@id\":\"https:\\\/\\\/basqueteam.eus\\\/eu\\\/blog\\\/inurrategi-vallejo-y-zabalza-vuelven-de-groenlandia-satisfechos-tras-una-travesia-muy-exigente\\\/#breadcrumb\",\"itemListElement\":[{\"@type\":\"ListItem\",\"position\":1,\"name\":\"Portada\",\"item\":\"https:\\\/\\\/basqueteam.eus\\\/eu\\\/\"},{\"@type\":\"ListItem\",\"position\":2,\"name\":\"I\u00c3\u00b1urrategi, Vallejo y Zabalza vuelven de Groenlandia satisfechos tras una traves\u00c3\u00ada muy exigente\"}]},{\"@type\":\"WebSite\",\"@id\":\"https:\\\/\\\/basqueteam.eus\\\/eu\\\/#website\",\"url\":\"https:\\\/\\\/basqueteam.eus\\\/eu\\\/\",\"name\":\"basqueteam\",\"description\":\"Goi Mailako Euskal kirola babesteko eratu den fundazioa da.\",\"publisher\":{\"@id\":\"https:\\\/\\\/basqueteam.eus\\\/eu\\\/#organization\"},\"potentialAction\":[{\"@type\":\"SearchAction\",\"target\":{\"@type\":\"EntryPoint\",\"urlTemplate\":\"https:\\\/\\\/basqueteam.eus\\\/eu\\\/?s={search_term_string}\"},\"query-input\":{\"@type\":\"PropertyValueSpecification\",\"valueRequired\":true,\"valueName\":\"search_term_string\"}}],\"inLanguage\":\"eu-ES\"},{\"@type\":\"Organization\",\"@id\":\"https:\\\/\\\/basqueteam.eus\\\/eu\\\/#organization\",\"name\":\"Basqueteam\",\"url\":\"https:\\\/\\\/basqueteam.eus\\\/eu\\\/\",\"logo\":{\"@type\":\"ImageObject\",\"inLanguage\":\"eu-ES\",\"@id\":\"https:\\\/\\\/basqueteam.eus\\\/eu\\\/#\\\/schema\\\/logo\\\/image\\\/\",\"url\":\"https:\\\/\\\/basqueteam.eus\\\/wp-content\\\/uploads\\\/2022\\\/09\\\/basque-team-logo-positivo.svg\",\"contentUrl\":\"https:\\\/\\\/basqueteam.eus\\\/wp-content\\\/uploads\\\/2022\\\/09\\\/basque-team-logo-positivo.svg\",\"width\":\"1024\",\"height\":\"1024\",\"caption\":\"Basqueteam\"},\"image\":{\"@id\":\"https:\\\/\\\/basqueteam.eus\\\/eu\\\/#\\\/schema\\\/logo\\\/image\\\/\"}},{\"@type\":\"Person\",\"@id\":\"https:\\\/\\\/basqueteam.eus\\\/eu\\\/#\\\/schema\\\/person\\\/0e8938a950bbf7f85c32e97e55dc011e\",\"name\":\"woko-basqueteam\",\"image\":{\"@type\":\"ImageObject\",\"inLanguage\":\"eu-ES\",\"@id\":\"https:\\\/\\\/secure.gravatar.com\\\/avatar\\\/ed80c52e552a422e5b1f3f89a7bc59e06998c3a23fd4bf594bec65e3b8f0e744?s=96&d=mm&r=g\",\"url\":\"https:\\\/\\\/secure.gravatar.com\\\/avatar\\\/ed80c52e552a422e5b1f3f89a7bc59e06998c3a23fd4bf594bec65e3b8f0e744?s=96&d=mm&r=g\",\"contentUrl\":\"https:\\\/\\\/secure.gravatar.com\\\/avatar\\\/ed80c52e552a422e5b1f3f89a7bc59e06998c3a23fd4bf594bec65e3b8f0e744?s=96&d=mm&r=g\",\"caption\":\"woko-basqueteam\"},\"sameAs\":[\"https:\\\/\\\/x.com\\\/woko\"]}]}<\/script>\n<!-- \/ Yoast SEO plugin. -->","yoast_head_json":{"title":"I\u00c3\u00b1urrategi, Vallejo y Zabalza vuelven de Groenlandia satisfechos tras una traves\u00c3\u00ada muy exigente - basqueteam","robots":{"index":"index","follow":"follow","max-snippet":"max-snippet:-1","max-image-preview":"max-image-preview:large","max-video-preview":"max-video-preview:-1"},"canonical":"https:\/\/basqueteam.eus\/eu\/blog\/inurrategi-vallejo-y-zabalza-vuelven-de-groenlandia-satisfechos-tras-una-travesia-muy-exigente\/","og_locale":"eu_ES","og_type":"article","og_title":"I\u00c3\u00b1urrategi, Vallejo y Zabalza vuelven de Groenlandia satisfechos tras una traves\u00c3\u00ada muy exigente - basqueteam","og_description":"La destreza adquirida en el uso de las cometas les ha animado para la pr\u00c3\u00b3xima aventura en La Antartida &nbsp;Bilbao, [&hellip;]","og_url":"https:\/\/basqueteam.eus\/eu\/blog\/inurrategi-vallejo-y-zabalza-vuelven-de-groenlandia-satisfechos-tras-una-travesia-muy-exigente\/","og_site_name":"basqueteam","article_published_time":"2011-06-21T11:48:00+00:00","article_modified_time":"2022-08-13T11:50:36+00:00","og_image":[{"width":1771,"height":1341,"url":"https:\/\/basqueteam.eus\/wp-content\/uploads\/2022\/08\/groenlandiaexigente.jpg","type":"image\/jpeg"}],"author":"woko-basqueteam","twitter_card":"summary_large_image","twitter_creator":"@woko","schema":{"@context":"https:\/\/schema.org","@graph":[{"@type":"Article","@id":"https:\/\/basqueteam.eus\/eu\/blog\/inurrategi-vallejo-y-zabalza-vuelven-de-groenlandia-satisfechos-tras-una-travesia-muy-exigente\/#article","isPartOf":{"@id":"https:\/\/basqueteam.eus\/eu\/blog\/inurrategi-vallejo-y-zabalza-vuelven-de-groenlandia-satisfechos-tras-una-travesia-muy-exigente\/"},"author":{"name":"woko-basqueteam","@id":"https:\/\/basqueteam.eus\/eu\/#\/schema\/person\/0e8938a950bbf7f85c32e97e55dc011e"},"headline":"I\u00c3\u00b1urrategi, Vallejo y Zabalza vuelven de Groenlandia satisfechos tras una traves\u00c3\u00ada muy exigente","datePublished":"2011-06-21T11:48:00+00:00","dateModified":"2022-08-13T11:50:36+00:00","mainEntityOfPage":{"@id":"https:\/\/basqueteam.eus\/eu\/blog\/inurrategi-vallejo-y-zabalza-vuelven-de-groenlandia-satisfechos-tras-una-travesia-muy-exigente\/"},"wordCount":1239,"commentCount":0,"publisher":{"@id":"https:\/\/basqueteam.eus\/eu\/#organization"},"image":{"@id":"https:\/\/basqueteam.eus\/eu\/blog\/inurrategi-vallejo-y-zabalza-vuelven-de-groenlandia-satisfechos-tras-una-travesia-muy-exigente\/#primaryimage"},"thumbnailUrl":"https:\/\/basqueteam.eus\/wp-content\/uploads\/2022\/08\/groenlandiaexigente.jpg","articleSection":["Kategoriarik gabe"],"inLanguage":"eu-ES","potentialAction":[{"@type":"CommentAction","name":"Comment","target":["https:\/\/basqueteam.eus\/eu\/blog\/inurrategi-vallejo-y-zabalza-vuelven-de-groenlandia-satisfechos-tras-una-travesia-muy-exigente\/#respond"]}]},{"@type":"WebPage","@id":"https:\/\/basqueteam.eus\/eu\/blog\/inurrategi-vallejo-y-zabalza-vuelven-de-groenlandia-satisfechos-tras-una-travesia-muy-exigente\/","url":"https:\/\/basqueteam.eus\/eu\/blog\/inurrategi-vallejo-y-zabalza-vuelven-de-groenlandia-satisfechos-tras-una-travesia-muy-exigente\/","name":"I\u00c3\u00b1urrategi, Vallejo y Zabalza vuelven de Groenlandia satisfechos tras una traves\u00c3\u00ada muy exigente - basqueteam","isPartOf":{"@id":"https:\/\/basqueteam.eus\/eu\/#website"},"primaryImageOfPage":{"@id":"https:\/\/basqueteam.eus\/eu\/blog\/inurrategi-vallejo-y-zabalza-vuelven-de-groenlandia-satisfechos-tras-una-travesia-muy-exigente\/#primaryimage"},"image":{"@id":"https:\/\/basqueteam.eus\/eu\/blog\/inurrategi-vallejo-y-zabalza-vuelven-de-groenlandia-satisfechos-tras-una-travesia-muy-exigente\/#primaryimage"},"thumbnailUrl":"https:\/\/basqueteam.eus\/wp-content\/uploads\/2022\/08\/groenlandiaexigente.jpg","datePublished":"2011-06-21T11:48:00+00:00","dateModified":"2022-08-13T11:50:36+00:00","breadcrumb":{"@id":"https:\/\/basqueteam.eus\/eu\/blog\/inurrategi-vallejo-y-zabalza-vuelven-de-groenlandia-satisfechos-tras-una-travesia-muy-exigente\/#breadcrumb"},"inLanguage":"eu-ES","potentialAction":[{"@type":"ReadAction","target":["https:\/\/basqueteam.eus\/eu\/blog\/inurrategi-vallejo-y-zabalza-vuelven-de-groenlandia-satisfechos-tras-una-travesia-muy-exigente\/"]}]},{"@type":"ImageObject","inLanguage":"eu-ES","@id":"https:\/\/basqueteam.eus\/eu\/blog\/inurrategi-vallejo-y-zabalza-vuelven-de-groenlandia-satisfechos-tras-una-travesia-muy-exigente\/#primaryimage","url":"https:\/\/basqueteam.eus\/wp-content\/uploads\/2022\/08\/groenlandiaexigente.jpg","contentUrl":"https:\/\/basqueteam.eus\/wp-content\/uploads\/2022\/08\/groenlandiaexigente.jpg","width":1771,"height":1341},{"@type":"BreadcrumbList","@id":"https:\/\/basqueteam.eus\/eu\/blog\/inurrategi-vallejo-y-zabalza-vuelven-de-groenlandia-satisfechos-tras-una-travesia-muy-exigente\/#breadcrumb","itemListElement":[{"@type":"ListItem","position":1,"name":"Portada","item":"https:\/\/basqueteam.eus\/eu\/"},{"@type":"ListItem","position":2,"name":"I\u00c3\u00b1urrategi, Vallejo y Zabalza vuelven de Groenlandia satisfechos tras una traves\u00c3\u00ada muy exigente"}]},{"@type":"WebSite","@id":"https:\/\/basqueteam.eus\/eu\/#website","url":"https:\/\/basqueteam.eus\/eu\/","name":"basqueteam","description":"Goi Mailako Euskal kirola babesteko eratu den fundazioa da.","publisher":{"@id":"https:\/\/basqueteam.eus\/eu\/#organization"},"potentialAction":[{"@type":"SearchAction","target":{"@type":"EntryPoint","urlTemplate":"https:\/\/basqueteam.eus\/eu\/?s={search_term_string}"},"query-input":{"@type":"PropertyValueSpecification","valueRequired":true,"valueName":"search_term_string"}}],"inLanguage":"eu-ES"},{"@type":"Organization","@id":"https:\/\/basqueteam.eus\/eu\/#organization","name":"Basqueteam","url":"https:\/\/basqueteam.eus\/eu\/","logo":{"@type":"ImageObject","inLanguage":"eu-ES","@id":"https:\/\/basqueteam.eus\/eu\/#\/schema\/logo\/image\/","url":"https:\/\/basqueteam.eus\/wp-content\/uploads\/2022\/09\/basque-team-logo-positivo.svg","contentUrl":"https:\/\/basqueteam.eus\/wp-content\/uploads\/2022\/09\/basque-team-logo-positivo.svg","width":"1024","height":"1024","caption":"Basqueteam"},"image":{"@id":"https:\/\/basqueteam.eus\/eu\/#\/schema\/logo\/image\/"}},{"@type":"Person","@id":"https:\/\/basqueteam.eus\/eu\/#\/schema\/person\/0e8938a950bbf7f85c32e97e55dc011e","name":"woko-basqueteam","image":{"@type":"ImageObject","inLanguage":"eu-ES","@id":"https:\/\/secure.gravatar.com\/avatar\/ed80c52e552a422e5b1f3f89a7bc59e06998c3a23fd4bf594bec65e3b8f0e744?s=96&d=mm&r=g","url":"https:\/\/secure.gravatar.com\/avatar\/ed80c52e552a422e5b1f3f89a7bc59e06998c3a23fd4bf594bec65e3b8f0e744?s=96&d=mm&r=g","contentUrl":"https:\/\/secure.gravatar.com\/avatar\/ed80c52e552a422e5b1f3f89a7bc59e06998c3a23fd4bf594bec65e3b8f0e744?s=96&d=mm&r=g","caption":"woko-basqueteam"},"sameAs":["https:\/\/x.com\/woko"]}]}},"_links":{"self":[{"href":"https:\/\/basqueteam.eus\/eu\/wp-json\/wp\/v2\/posts\/8912","targetHints":{"allow":["GET"]}}],"collection":[{"href":"https:\/\/basqueteam.eus\/eu\/wp-json\/wp\/v2\/posts"}],"about":[{"href":"https:\/\/basqueteam.eus\/eu\/wp-json\/wp\/v2\/types\/post"}],"author":[{"embeddable":true,"href":"https:\/\/basqueteam.eus\/eu\/wp-json\/wp\/v2\/users\/5"}],"replies":[{"embeddable":true,"href":"https:\/\/basqueteam.eus\/eu\/wp-json\/wp\/v2\/comments?post=8912"}],"version-history":[{"count":1,"href":"https:\/\/basqueteam.eus\/eu\/wp-json\/wp\/v2\/posts\/8912\/revisions"}],"predecessor-version":[{"id":8913,"href":"https:\/\/basqueteam.eus\/eu\/wp-json\/wp\/v2\/posts\/8912\/revisions\/8913"}],"wp:featuredmedia":[{"embeddable":true,"href":"https:\/\/basqueteam.eus\/eu\/wp-json\/wp\/v2\/media\/8865"}],"wp:attachment":[{"href":"https:\/\/basqueteam.eus\/eu\/wp-json\/wp\/v2\/media?parent=8912"}],"wp:term":[{"taxonomy":"category","embeddable":true,"href":"https:\/\/basqueteam.eus\/eu\/wp-json\/wp\/v2\/categories?post=8912"},{"taxonomy":"post_tag","embeddable":true,"href":"https:\/\/basqueteam.eus\/eu\/wp-json\/wp\/v2\/tags?post=8912"}],"curies":[{"name":"wp","href":"https:\/\/api.w.org\/{rel}","templated":true}]}}