{"id":8847,"date":"2011-09-10T13:20:00","date_gmt":"2011-09-10T11:20:00","guid":{"rendered":"https:\/\/basqueteam.eus\/?p=8847"},"modified":"2022-08-13T13:22:02","modified_gmt":"2022-08-13T11:22:02","slug":"medalla-de-bronce-y-clasificacion-para-los-juegos-de-londres-2012-para-maialen-chourraut","status":"publish","type":"post","link":"https:\/\/basqueteam.eus\/eu\/blog\/medalla-de-bronce-y-clasificacion-para-los-juegos-de-londres-2012-para-maialen-chourraut\/","title":{"rendered":"Medalla de bronce y clasificaci\u00c3\u00b3n para los Juegos de Londres 2012 para Maialen Chourraut"},"content":{"rendered":"\n<p>La palista ha estado cerca de la plata y ma\u00c3\u00b1ana ser\u00c3\u00a1 el turno de los chicos<\/p>\n\n\n\n<p>10 de septiembre 2011.- La palista vasca becada por BAT Basque Team Maialen Chourraut ha logrado esta ma\u00f1ana la medalla de bronce en el Campeonato Mundial de Pirag\u00fcismo en Eslalon que se celebra en Bratislava. La donostiarra, que compite en la categor\u00eda kayak monoplaza (K-1), ha registrado un tiempo de 113,58 segundos, y s\u00f3lo ha sido superada por la austriaca Corinna Kuhnle (oro) y la eslovaca (plata) Jana Dukatova, quien \u00fanicamente la ha aventajado por 25 cent\u00e9simas. La participaci\u00f3n de Chourraut en este Mundial, el \u00faltimo antes de los Juegos Ol\u00edmpicos de Londres, puede calificarse de brillante ya que, junto a la medalla, ha logrado el gran objetivo con que part\u00eda hac\u00eda Eslovaquia; obtener la plaza ol\u00edmpica en esta modalidad para el equipo nacional que dirige el seleccionador donostiarra Xabier Etxaniz.<\/p>\n\n\n\n<p>Chourraut part\u00eda esta ma\u00f1ana como una de las grandes favoritas tras marcar en las eliminatorias de ayer, viernes, los mejores registros. En la semifinal, celebrada tambi\u00e9n hoy, se ha clasificado en cuarto lugar, en dura pugna con las palistas eslovacas que han disputado ante su afici\u00f3n el \u00faltimo Mundial antes de los Juegos Ol\u00edmpicos de Londres y que han clasificado a tres pirag\u00fcistas para la ronda decisiva. Ya en la final, la austriaca Corinna Kuhnle se ha impuesto por delante de la gran favorita e \u00eddolo local Jana Dukatova. Chourraut ha estado muy cerca de la plata, pero finalmente ha tenido que conformarse con el bronce.<\/p>\n\n\n\n<p>Pese a su juventud, Maialen Chourraut (San Sebasti\u00e1n, 1983) ya cuenta con una participaci\u00f3n en los Juegos Ol\u00edmpicos (Beijin\u201908). Fue subcampeona del mundo en los mundiales de 2009 y campeona de la Copa del Mundo celebrada en esta misma localidad en 2010. La otra representante femenina de BAT Basque Team en el Mundial de Bratislava, la irunesa Jone Ota\u00f1o no logr\u00f3 clasificarse para la final al quedar vigesimotercera en la semifinal.<\/p>\n\n\n\n<p>El Mundial de Bratislava de Pirag\u00fcismo en Eslalon termina ma\u00f1ana con la seminifinal y final de las categor\u00edas masculinas de K-1 y C-1. En la primera -en la que obtienen el pase para los Juegos los quince primeros clasificados- competir\u00e1n los palistas vascos Joan Crespo y Samuel Hernanz, y en la segunda, donde s\u00f3lo hay diez plazas por adjudicar, Ander Elosegi y Jon Erg\u00fcin.<\/p>\n\n\n\n<p>Quien parte con mayores probabilidades de lograr una plaza ol\u00edmpica para el combinado espa\u00f1ol en el canal de pirag\u00fcismo artificial Are\u00e1l Divok\u00e1 Voda de Cunovo es Samuel Hernanz (Tarbes, 1986), que ha sido plata en el Campeonato de Europa de este a\u00f1o y ha logrado un segundo y un cuarto puesto en las pruebas de la Copa del Mundo. Junto a \u00e9l en kayak monoplaza competir\u00e1 Joan Crespo (Donosti, 1988), que fue d\u00e9cimosexto en el Europeo y ha obtenido un desigual resultado en las pruebas de la Copa del Mundo, con un quinto y un quincuag\u00e9simosexto puesto.<\/p>\n\n\n\n<p>Por \u00faltimo, en canoa monoplaza participar\u00e1n Ander Elosegi (Ir\u00fan, 1987), que ya particip\u00f3 en los Juegos Ol\u00edmpicos de Beijin logr\u00f3 el cuarto puesto en el Europeo y ha sido segundo y noveno en las pruebas de la Copa del Mundo, y Jon Erg\u00fcin (San Sebasti\u00e1n, 1980) fue vig\u00e9simosegundo en el Europeo y tiene un d\u00e9cimosexto y un cuadrag\u00e9simocuarto puesto en las pruebas de la Copa del Mundo.<\/p>\n","protected":false},"excerpt":{"rendered":"<p>La palista ha estado cerca de la plata y ma\u00c3\u00b1ana ser\u00c3\u00a1 el turno de los chicos 10 de septiembre 2011.- [&hellip;]<\/p>\n","protected":false},"author":5,"featured_media":8747,"comment_status":"open","ping_status":"open","sticky":false,"template":"","format":"standard","meta":{"_acf_changed":false,"inline_featured_image":false,"footnotes":""},"categories":[2],"tags":[],"class_list":["post-8847","post","type-post","status-publish","format-standard","has-post-thumbnail","hentry","category-kategoriarik-gabe"],"acf":[],"yoast_head":"<!-- This site is optimized with the Yoast SEO plugin v27.3 - https:\/\/yoast.com\/product\/yoast-seo-wordpress\/ -->\n<title>Medalla de bronce y clasificaci\u00c3\u00b3n para los Juegos de Londres 2012 para Maialen Chourraut - basqueteam<\/title>\n<meta name=\"robots\" content=\"index, follow, max-snippet:-1, max-image-preview:large, max-video-preview:-1\" \/>\n<link rel=\"canonical\" href=\"https:\/\/basqueteam.eus\/eu\/blog\/medalla-de-bronce-y-clasificacion-para-los-juegos-de-londres-2012-para-maialen-chourraut\/\" \/>\n<meta property=\"og:locale\" content=\"eu_ES\" \/>\n<meta property=\"og:type\" content=\"article\" \/>\n<meta property=\"og:title\" content=\"Medalla de bronce y clasificaci\u00c3\u00b3n para los Juegos de Londres 2012 para Maialen Chourraut - basqueteam\" \/>\n<meta property=\"og:description\" content=\"La palista ha estado cerca de la plata y ma\u00c3\u00b1ana ser\u00c3\u00a1 el turno de los chicos 10 de septiembre 2011.- [&hellip;]\" \/>\n<meta property=\"og:url\" content=\"https:\/\/basqueteam.eus\/eu\/blog\/medalla-de-bronce-y-clasificacion-para-los-juegos-de-londres-2012-para-maialen-chourraut\/\" \/>\n<meta property=\"og:site_name\" content=\"basqueteam\" \/>\n<meta property=\"article:published_time\" content=\"2011-09-10T11:20:00+00:00\" \/>\n<meta property=\"article:modified_time\" content=\"2022-08-13T11:22:02+00:00\" \/>\n<meta property=\"og:image\" content=\"https:\/\/basqueteam.eus\/wp-content\/uploads\/2022\/08\/maialenchourraut-broncelondres-scaled.jpg\" \/>\n\t<meta property=\"og:image:width\" content=\"2560\" \/>\n\t<meta property=\"og:image:height\" content=\"1912\" \/>\n\t<meta property=\"og:image:type\" content=\"image\/jpeg\" \/>\n<meta name=\"author\" content=\"woko-basqueteam\" \/>\n<meta name=\"twitter:card\" content=\"summary_large_image\" \/>\n<meta name=\"twitter:creator\" content=\"@woko\" \/>\n<script type=\"application\/ld+json\" class=\"yoast-schema-graph\">{\"@context\":\"https:\\\/\\\/schema.org\",\"@graph\":[{\"@type\":\"Article\",\"@id\":\"https:\\\/\\\/basqueteam.eus\\\/eu\\\/blog\\\/medalla-de-bronce-y-clasificacion-para-los-juegos-de-londres-2012-para-maialen-chourraut\\\/#article\",\"isPartOf\":{\"@id\":\"https:\\\/\\\/basqueteam.eus\\\/eu\\\/blog\\\/medalla-de-bronce-y-clasificacion-para-los-juegos-de-londres-2012-para-maialen-chourraut\\\/\"},\"author\":{\"name\":\"woko-basqueteam\",\"@id\":\"https:\\\/\\\/basqueteam.eus\\\/eu\\\/#\\\/schema\\\/person\\\/0e8938a950bbf7f85c32e97e55dc011e\"},\"headline\":\"Medalla de bronce y clasificaci\u00c3\u00b3n para los Juegos de Londres 2012 para Maialen Chourraut\",\"datePublished\":\"2011-09-10T11:20:00+00:00\",\"dateModified\":\"2022-08-13T11:22:02+00:00\",\"mainEntityOfPage\":{\"@id\":\"https:\\\/\\\/basqueteam.eus\\\/eu\\\/blog\\\/medalla-de-bronce-y-clasificacion-para-los-juegos-de-londres-2012-para-maialen-chourraut\\\/\"},\"wordCount\":598,\"commentCount\":0,\"publisher\":{\"@id\":\"https:\\\/\\\/basqueteam.eus\\\/eu\\\/#organization\"},\"image\":{\"@id\":\"https:\\\/\\\/basqueteam.eus\\\/eu\\\/blog\\\/medalla-de-bronce-y-clasificacion-para-los-juegos-de-londres-2012-para-maialen-chourraut\\\/#primaryimage\"},\"thumbnailUrl\":\"https:\\\/\\\/basqueteam.eus\\\/wp-content\\\/uploads\\\/2022\\\/08\\\/maialenchourraut-broncelondres-scaled.jpg\",\"articleSection\":[\"Kategoriarik gabe\"],\"inLanguage\":\"eu-ES\",\"potentialAction\":[{\"@type\":\"CommentAction\",\"name\":\"Comment\",\"target\":[\"https:\\\/\\\/basqueteam.eus\\\/eu\\\/blog\\\/medalla-de-bronce-y-clasificacion-para-los-juegos-de-londres-2012-para-maialen-chourraut\\\/#respond\"]}]},{\"@type\":\"WebPage\",\"@id\":\"https:\\\/\\\/basqueteam.eus\\\/eu\\\/blog\\\/medalla-de-bronce-y-clasificacion-para-los-juegos-de-londres-2012-para-maialen-chourraut\\\/\",\"url\":\"https:\\\/\\\/basqueteam.eus\\\/eu\\\/blog\\\/medalla-de-bronce-y-clasificacion-para-los-juegos-de-londres-2012-para-maialen-chourraut\\\/\",\"name\":\"Medalla de bronce y clasificaci\u00c3\u00b3n para los Juegos de Londres 2012 para Maialen Chourraut - basqueteam\",\"isPartOf\":{\"@id\":\"https:\\\/\\\/basqueteam.eus\\\/eu\\\/#website\"},\"primaryImageOfPage\":{\"@id\":\"https:\\\/\\\/basqueteam.eus\\\/eu\\\/blog\\\/medalla-de-bronce-y-clasificacion-para-los-juegos-de-londres-2012-para-maialen-chourraut\\\/#primaryimage\"},\"image\":{\"@id\":\"https:\\\/\\\/basqueteam.eus\\\/eu\\\/blog\\\/medalla-de-bronce-y-clasificacion-para-los-juegos-de-londres-2012-para-maialen-chourraut\\\/#primaryimage\"},\"thumbnailUrl\":\"https:\\\/\\\/basqueteam.eus\\\/wp-content\\\/uploads\\\/2022\\\/08\\\/maialenchourraut-broncelondres-scaled.jpg\",\"datePublished\":\"2011-09-10T11:20:00+00:00\",\"dateModified\":\"2022-08-13T11:22:02+00:00\",\"breadcrumb\":{\"@id\":\"https:\\\/\\\/basqueteam.eus\\\/eu\\\/blog\\\/medalla-de-bronce-y-clasificacion-para-los-juegos-de-londres-2012-para-maialen-chourraut\\\/#breadcrumb\"},\"inLanguage\":\"eu-ES\",\"potentialAction\":[{\"@type\":\"ReadAction\",\"target\":[\"https:\\\/\\\/basqueteam.eus\\\/eu\\\/blog\\\/medalla-de-bronce-y-clasificacion-para-los-juegos-de-londres-2012-para-maialen-chourraut\\\/\"]}]},{\"@type\":\"ImageObject\",\"inLanguage\":\"eu-ES\",\"@id\":\"https:\\\/\\\/basqueteam.eus\\\/eu\\\/blog\\\/medalla-de-bronce-y-clasificacion-para-los-juegos-de-londres-2012-para-maialen-chourraut\\\/#primaryimage\",\"url\":\"https:\\\/\\\/basqueteam.eus\\\/wp-content\\\/uploads\\\/2022\\\/08\\\/maialenchourraut-broncelondres-scaled.jpg\",\"contentUrl\":\"https:\\\/\\\/basqueteam.eus\\\/wp-content\\\/uploads\\\/2022\\\/08\\\/maialenchourraut-broncelondres-scaled.jpg\",\"width\":2560,\"height\":1912},{\"@type\":\"BreadcrumbList\",\"@id\":\"https:\\\/\\\/basqueteam.eus\\\/eu\\\/blog\\\/medalla-de-bronce-y-clasificacion-para-los-juegos-de-londres-2012-para-maialen-chourraut\\\/#breadcrumb\",\"itemListElement\":[{\"@type\":\"ListItem\",\"position\":1,\"name\":\"Portada\",\"item\":\"https:\\\/\\\/basqueteam.eus\\\/eu\\\/\"},{\"@type\":\"ListItem\",\"position\":2,\"name\":\"Medalla de bronce y clasificaci\u00c3\u00b3n para los Juegos de Londres 2012 para Maialen Chourraut\"}]},{\"@type\":\"WebSite\",\"@id\":\"https:\\\/\\\/basqueteam.eus\\\/eu\\\/#website\",\"url\":\"https:\\\/\\\/basqueteam.eus\\\/eu\\\/\",\"name\":\"basqueteam\",\"description\":\"Goi Mailako Euskal kirola babesteko eratu den fundazioa da.\",\"publisher\":{\"@id\":\"https:\\\/\\\/basqueteam.eus\\\/eu\\\/#organization\"},\"potentialAction\":[{\"@type\":\"SearchAction\",\"target\":{\"@type\":\"EntryPoint\",\"urlTemplate\":\"https:\\\/\\\/basqueteam.eus\\\/eu\\\/?s={search_term_string}\"},\"query-input\":{\"@type\":\"PropertyValueSpecification\",\"valueRequired\":true,\"valueName\":\"search_term_string\"}}],\"inLanguage\":\"eu-ES\"},{\"@type\":\"Organization\",\"@id\":\"https:\\\/\\\/basqueteam.eus\\\/eu\\\/#organization\",\"name\":\"Basqueteam\",\"url\":\"https:\\\/\\\/basqueteam.eus\\\/eu\\\/\",\"logo\":{\"@type\":\"ImageObject\",\"inLanguage\":\"eu-ES\",\"@id\":\"https:\\\/\\\/basqueteam.eus\\\/eu\\\/#\\\/schema\\\/logo\\\/image\\\/\",\"url\":\"https:\\\/\\\/basqueteam.eus\\\/wp-content\\\/uploads\\\/2022\\\/09\\\/basque-team-logo-positivo.svg\",\"contentUrl\":\"https:\\\/\\\/basqueteam.eus\\\/wp-content\\\/uploads\\\/2022\\\/09\\\/basque-team-logo-positivo.svg\",\"width\":\"1024\",\"height\":\"1024\",\"caption\":\"Basqueteam\"},\"image\":{\"@id\":\"https:\\\/\\\/basqueteam.eus\\\/eu\\\/#\\\/schema\\\/logo\\\/image\\\/\"}},{\"@type\":\"Person\",\"@id\":\"https:\\\/\\\/basqueteam.eus\\\/eu\\\/#\\\/schema\\\/person\\\/0e8938a950bbf7f85c32e97e55dc011e\",\"name\":\"woko-basqueteam\",\"image\":{\"@type\":\"ImageObject\",\"inLanguage\":\"eu-ES\",\"@id\":\"https:\\\/\\\/secure.gravatar.com\\\/avatar\\\/ed80c52e552a422e5b1f3f89a7bc59e06998c3a23fd4bf594bec65e3b8f0e744?s=96&d=mm&r=g\",\"url\":\"https:\\\/\\\/secure.gravatar.com\\\/avatar\\\/ed80c52e552a422e5b1f3f89a7bc59e06998c3a23fd4bf594bec65e3b8f0e744?s=96&d=mm&r=g\",\"contentUrl\":\"https:\\\/\\\/secure.gravatar.com\\\/avatar\\\/ed80c52e552a422e5b1f3f89a7bc59e06998c3a23fd4bf594bec65e3b8f0e744?s=96&d=mm&r=g\",\"caption\":\"woko-basqueteam\"},\"sameAs\":[\"https:\\\/\\\/x.com\\\/woko\"]}]}<\/script>\n<!-- \/ Yoast SEO plugin. -->","yoast_head_json":{"title":"Medalla de bronce y clasificaci\u00c3\u00b3n para los Juegos de Londres 2012 para Maialen Chourraut - basqueteam","robots":{"index":"index","follow":"follow","max-snippet":"max-snippet:-1","max-image-preview":"max-image-preview:large","max-video-preview":"max-video-preview:-1"},"canonical":"https:\/\/basqueteam.eus\/eu\/blog\/medalla-de-bronce-y-clasificacion-para-los-juegos-de-londres-2012-para-maialen-chourraut\/","og_locale":"eu_ES","og_type":"article","og_title":"Medalla de bronce y clasificaci\u00c3\u00b3n para los Juegos de Londres 2012 para Maialen Chourraut - basqueteam","og_description":"La palista ha estado cerca de la plata y ma\u00c3\u00b1ana ser\u00c3\u00a1 el turno de los chicos 10 de septiembre 2011.- [&hellip;]","og_url":"https:\/\/basqueteam.eus\/eu\/blog\/medalla-de-bronce-y-clasificacion-para-los-juegos-de-londres-2012-para-maialen-chourraut\/","og_site_name":"basqueteam","article_published_time":"2011-09-10T11:20:00+00:00","article_modified_time":"2022-08-13T11:22:02+00:00","og_image":[{"width":2560,"height":1912,"url":"https:\/\/basqueteam.eus\/wp-content\/uploads\/2022\/08\/maialenchourraut-broncelondres-scaled.jpg","type":"image\/jpeg"}],"author":"woko-basqueteam","twitter_card":"summary_large_image","twitter_creator":"@woko","schema":{"@context":"https:\/\/schema.org","@graph":[{"@type":"Article","@id":"https:\/\/basqueteam.eus\/eu\/blog\/medalla-de-bronce-y-clasificacion-para-los-juegos-de-londres-2012-para-maialen-chourraut\/#article","isPartOf":{"@id":"https:\/\/basqueteam.eus\/eu\/blog\/medalla-de-bronce-y-clasificacion-para-los-juegos-de-londres-2012-para-maialen-chourraut\/"},"author":{"name":"woko-basqueteam","@id":"https:\/\/basqueteam.eus\/eu\/#\/schema\/person\/0e8938a950bbf7f85c32e97e55dc011e"},"headline":"Medalla de bronce y clasificaci\u00c3\u00b3n para los Juegos de Londres 2012 para Maialen Chourraut","datePublished":"2011-09-10T11:20:00+00:00","dateModified":"2022-08-13T11:22:02+00:00","mainEntityOfPage":{"@id":"https:\/\/basqueteam.eus\/eu\/blog\/medalla-de-bronce-y-clasificacion-para-los-juegos-de-londres-2012-para-maialen-chourraut\/"},"wordCount":598,"commentCount":0,"publisher":{"@id":"https:\/\/basqueteam.eus\/eu\/#organization"},"image":{"@id":"https:\/\/basqueteam.eus\/eu\/blog\/medalla-de-bronce-y-clasificacion-para-los-juegos-de-londres-2012-para-maialen-chourraut\/#primaryimage"},"thumbnailUrl":"https:\/\/basqueteam.eus\/wp-content\/uploads\/2022\/08\/maialenchourraut-broncelondres-scaled.jpg","articleSection":["Kategoriarik gabe"],"inLanguage":"eu-ES","potentialAction":[{"@type":"CommentAction","name":"Comment","target":["https:\/\/basqueteam.eus\/eu\/blog\/medalla-de-bronce-y-clasificacion-para-los-juegos-de-londres-2012-para-maialen-chourraut\/#respond"]}]},{"@type":"WebPage","@id":"https:\/\/basqueteam.eus\/eu\/blog\/medalla-de-bronce-y-clasificacion-para-los-juegos-de-londres-2012-para-maialen-chourraut\/","url":"https:\/\/basqueteam.eus\/eu\/blog\/medalla-de-bronce-y-clasificacion-para-los-juegos-de-londres-2012-para-maialen-chourraut\/","name":"Medalla de bronce y clasificaci\u00c3\u00b3n para los Juegos de Londres 2012 para Maialen Chourraut - basqueteam","isPartOf":{"@id":"https:\/\/basqueteam.eus\/eu\/#website"},"primaryImageOfPage":{"@id":"https:\/\/basqueteam.eus\/eu\/blog\/medalla-de-bronce-y-clasificacion-para-los-juegos-de-londres-2012-para-maialen-chourraut\/#primaryimage"},"image":{"@id":"https:\/\/basqueteam.eus\/eu\/blog\/medalla-de-bronce-y-clasificacion-para-los-juegos-de-londres-2012-para-maialen-chourraut\/#primaryimage"},"thumbnailUrl":"https:\/\/basqueteam.eus\/wp-content\/uploads\/2022\/08\/maialenchourraut-broncelondres-scaled.jpg","datePublished":"2011-09-10T11:20:00+00:00","dateModified":"2022-08-13T11:22:02+00:00","breadcrumb":{"@id":"https:\/\/basqueteam.eus\/eu\/blog\/medalla-de-bronce-y-clasificacion-para-los-juegos-de-londres-2012-para-maialen-chourraut\/#breadcrumb"},"inLanguage":"eu-ES","potentialAction":[{"@type":"ReadAction","target":["https:\/\/basqueteam.eus\/eu\/blog\/medalla-de-bronce-y-clasificacion-para-los-juegos-de-londres-2012-para-maialen-chourraut\/"]}]},{"@type":"ImageObject","inLanguage":"eu-ES","@id":"https:\/\/basqueteam.eus\/eu\/blog\/medalla-de-bronce-y-clasificacion-para-los-juegos-de-londres-2012-para-maialen-chourraut\/#primaryimage","url":"https:\/\/basqueteam.eus\/wp-content\/uploads\/2022\/08\/maialenchourraut-broncelondres-scaled.jpg","contentUrl":"https:\/\/basqueteam.eus\/wp-content\/uploads\/2022\/08\/maialenchourraut-broncelondres-scaled.jpg","width":2560,"height":1912},{"@type":"BreadcrumbList","@id":"https:\/\/basqueteam.eus\/eu\/blog\/medalla-de-bronce-y-clasificacion-para-los-juegos-de-londres-2012-para-maialen-chourraut\/#breadcrumb","itemListElement":[{"@type":"ListItem","position":1,"name":"Portada","item":"https:\/\/basqueteam.eus\/eu\/"},{"@type":"ListItem","position":2,"name":"Medalla de bronce y clasificaci\u00c3\u00b3n para los Juegos de Londres 2012 para Maialen Chourraut"}]},{"@type":"WebSite","@id":"https:\/\/basqueteam.eus\/eu\/#website","url":"https:\/\/basqueteam.eus\/eu\/","name":"basqueteam","description":"Goi Mailako Euskal kirola babesteko eratu den fundazioa da.","publisher":{"@id":"https:\/\/basqueteam.eus\/eu\/#organization"},"potentialAction":[{"@type":"SearchAction","target":{"@type":"EntryPoint","urlTemplate":"https:\/\/basqueteam.eus\/eu\/?s={search_term_string}"},"query-input":{"@type":"PropertyValueSpecification","valueRequired":true,"valueName":"search_term_string"}}],"inLanguage":"eu-ES"},{"@type":"Organization","@id":"https:\/\/basqueteam.eus\/eu\/#organization","name":"Basqueteam","url":"https:\/\/basqueteam.eus\/eu\/","logo":{"@type":"ImageObject","inLanguage":"eu-ES","@id":"https:\/\/basqueteam.eus\/eu\/#\/schema\/logo\/image\/","url":"https:\/\/basqueteam.eus\/wp-content\/uploads\/2022\/09\/basque-team-logo-positivo.svg","contentUrl":"https:\/\/basqueteam.eus\/wp-content\/uploads\/2022\/09\/basque-team-logo-positivo.svg","width":"1024","height":"1024","caption":"Basqueteam"},"image":{"@id":"https:\/\/basqueteam.eus\/eu\/#\/schema\/logo\/image\/"}},{"@type":"Person","@id":"https:\/\/basqueteam.eus\/eu\/#\/schema\/person\/0e8938a950bbf7f85c32e97e55dc011e","name":"woko-basqueteam","image":{"@type":"ImageObject","inLanguage":"eu-ES","@id":"https:\/\/secure.gravatar.com\/avatar\/ed80c52e552a422e5b1f3f89a7bc59e06998c3a23fd4bf594bec65e3b8f0e744?s=96&d=mm&r=g","url":"https:\/\/secure.gravatar.com\/avatar\/ed80c52e552a422e5b1f3f89a7bc59e06998c3a23fd4bf594bec65e3b8f0e744?s=96&d=mm&r=g","contentUrl":"https:\/\/secure.gravatar.com\/avatar\/ed80c52e552a422e5b1f3f89a7bc59e06998c3a23fd4bf594bec65e3b8f0e744?s=96&d=mm&r=g","caption":"woko-basqueteam"},"sameAs":["https:\/\/x.com\/woko"]}]}},"_links":{"self":[{"href":"https:\/\/basqueteam.eus\/eu\/wp-json\/wp\/v2\/posts\/8847","targetHints":{"allow":["GET"]}}],"collection":[{"href":"https:\/\/basqueteam.eus\/eu\/wp-json\/wp\/v2\/posts"}],"about":[{"href":"https:\/\/basqueteam.eus\/eu\/wp-json\/wp\/v2\/types\/post"}],"author":[{"embeddable":true,"href":"https:\/\/basqueteam.eus\/eu\/wp-json\/wp\/v2\/users\/5"}],"replies":[{"embeddable":true,"href":"https:\/\/basqueteam.eus\/eu\/wp-json\/wp\/v2\/comments?post=8847"}],"version-history":[{"count":1,"href":"https:\/\/basqueteam.eus\/eu\/wp-json\/wp\/v2\/posts\/8847\/revisions"}],"predecessor-version":[{"id":8848,"href":"https:\/\/basqueteam.eus\/eu\/wp-json\/wp\/v2\/posts\/8847\/revisions\/8848"}],"wp:featuredmedia":[{"embeddable":true,"href":"https:\/\/basqueteam.eus\/eu\/wp-json\/wp\/v2\/media\/8747"}],"wp:attachment":[{"href":"https:\/\/basqueteam.eus\/eu\/wp-json\/wp\/v2\/media?parent=8847"}],"wp:term":[{"taxonomy":"category","embeddable":true,"href":"https:\/\/basqueteam.eus\/eu\/wp-json\/wp\/v2\/categories?post=8847"},{"taxonomy":"post_tag","embeddable":true,"href":"https:\/\/basqueteam.eus\/eu\/wp-json\/wp\/v2\/tags?post=8847"}],"curies":[{"name":"wp","href":"https:\/\/api.w.org\/{rel}","templated":true}]}}