{"id":8319,"date":"2013-06-24T17:19:00","date_gmt":"2013-06-24T15:19:00","guid":{"rendered":"https:\/\/basqueteam.eus\/?p=8319"},"modified":"2022-08-09T17:24:41","modified_gmt":"2022-08-09T15:24:41","slug":"inurrategi-vallejo-y-zabalza-se-libran-por-los-pelos-del-peligro-de-la-sur-del-paiju-peak","status":"publish","type":"post","link":"https:\/\/basqueteam.eus\/eu\/blog\/inurrategi-vallejo-y-zabalza-se-libran-por-los-pelos-del-peligro-de-la-sur-del-paiju-peak\/","title":{"rendered":"Paiju Peakeko hegoaldeko aurpegiak hortzak erakutsi dizkie I\u00f1urrategi, Vallejo eta Zabalzari"},"content":{"rendered":"\n<p>Oinarrizko kanpalekura itzulita bide seguruago aztertuko dute datozen egunetan<\/p>\n\n\n\n<p>Eskegita dauden izotz bloke hauskorrak eta harri-jausiak eguzkia atera orduko, hori da I\u00f1urrategik, Vallejok eta Zabalzak Karakorumeko 6.610 metroko Paiju Peak igotzeko aukeratu duten bideak ezkutatzen duen arriksua.<\/p>\n\n\n\n<p>Larunbat arratsaldean atera ziren oinarrizko kanpalekutik (3.300 metrora) igande goizaldean paretaren magalera iristeko asmoz (4.800 metrora). Itzuli berri, bide berri bat marraztu beharko dute mapetan, igo gabeko hegoaldeko aurpegi horri aurre egiteko bide seguruagoa alegia.<\/p>\n\n\n\n<p>Astelehena, 2013ko ekainaren 24a. Mikel Zabalzaren kontaketa:<\/p>\n\n\n\n<p><em>\u201cIr por terreno desconocido es lo que tiene. Asumes riesgos innecesarios y das m\u00e1s vueltas que un tiovivo. Esto en resumidas cuentas es lo que nos ha pasado en los \u00faltimos 3 d\u00edas.<\/em><\/p>\n\n\n\n<p>El s\u00e1bado d\u00eda 22 subimos con una buena carga, unos 16 o 17 kilos cada uno, hasta nuestro dep\u00f3sito, unos 1000 metros por encima del campo base y habilitamos una peque\u00f1a repisa para nuestra tienda. Estamos ansiosos por ver los que nos queda de trayecto hasta el pie de nuestro ansiado pilar. La ca\u00edda constante de piedras nos preocupa mucho pero pensamos que madrugando mucho&#8230;<\/p>\n\n\n\n<p>Nos despertamos a las 4.30 y r\u00e1pidamente nos ponemos en marcha, superamos un primer resalte en hielo dur\u00edsimo y llegamos a un descanso. Lo que tenemos por delante no se ve muy atractivo, el pasillo es demasiado estrecho y hay demasiados seracs colgantes amenazando. Mientras valoramos la situaci\u00f3n uno de ellos rompe y aunque no llega hasta nosotros, cae por donde ten\u00edamos previsto pasar. Si nos levantamos 20 minutos antes nos pilla. Dudamos y decidimos bajar: vamos a estar demasiado tiempo expuestos por un lugar por el que debemos pasar muchas veces. Ya sabemos que si apuestas mucho al final te toca&#8230;Juan sube un corredor para ver qu\u00e9 se ve al otro lado, mientras Alberto y yo esperamos a que Juan regrese con el temor de que el sol empieza a levantarse y pronto empezar\u00e1n a caer piedras. Juan regresa con malas noticias: \u201cPor ah\u00ed no hay paso\u201d. Salimos disparados para abajo temerosos. Empezamos a destrepar el resalte mas pronunciado y ya empiezan a silbarnos algunas piedras por los costados. Alberto se dispone a preparar un Avalakof, (puente de hielo que se usa como anclaje para rapelar), cuando un bloque tipo microondas vuela por encima de nuestras cabezas. La situaci\u00f3n se pone muy tensa y decidimos destrepar lo m\u00e1s r\u00e1pido posible. Juan llega el primero a terreno seguro y nos avisa de una nueva embestida. Agachamos la cabeza y nos aferramos al piolet con la esperanza de que no nos den los proyectiles. Seguimos destrepando con el coraz\u00f3n desbocado y llegamos los tres a terreno seguro. Lo tenemos claro, este acceso es demasiado peligroso, debemos buscar alguna alternativa. \u201cUfff, otra buena escapada\u201d, comenta Juan.<\/p>\n\n\n\n<p>Intentamos relajarnos, descansamos un rato y salimos a explorar alguna otra posibilidad para llegar hasta el pie del pilar sin jugarnos el bigote. Vamos por terreno siempre de mucha pendiente, ca\u00f3tico pero sin otro peligro que tropezarte y aparecer 1500 metros mas abajo; as\u00ed, poco a poco, vamos dibujando una posibilidad. Adivinamos que tenemos que llegar a un collado que nos dar\u00eda acceso al glaciar a la altura del Pilar pero necesitamos piolet y crampones que no hemos cogido.<\/p>\n\n\n\n<p>Al d\u00eda siguiente, 24, (esta ma\u00f1ana) Alberto y yo regresamos de madrugada para despejar la inc\u00f3gnita. Juan regresa al base aquejado de una indigesti\u00f3n despu\u00e9s de pasar una mala noche. El trayecto ahora se nos representa algo m\u00e1s amable y vamos dando con los pasos adecuados. En tres horas llegamos al colladito justo en frente de la base del pilar. Para bajar al glaciar se ve complicado y necesitaremos unos 60 o 70 metros de cuerda. El collado est\u00e1 a unos 5000 metros, 1600 por encima nuestro campo base, \u00a1menudo cuest\u00f3n!. Alberto y yo llegamos a la conclusi\u00f3n de que \u00e9ste quiz\u00e1s sea un proyecto demasiado ambicioso para un planteamiento ligero y un equipo de tres pero lo tenemos claro: vamos a intentarlo\u201d.<\/p>\n","protected":false},"excerpt":{"rendered":"<p>Oinarrizko kanpalekura itzulita bide seguruago aztertuko dute datozen egunetan Eskegita dauden izotz bloke hauskorrak eta harri-jausiak eguzkia atera orduko, hori [&hellip;]<\/p>\n","protected":false},"author":5,"featured_media":8283,"comment_status":"open","ping_status":"open","sticky":false,"template":"","format":"standard","meta":{"_acf_changed":false,"inline_featured_image":false,"footnotes":""},"categories":[2],"tags":[],"class_list":["post-8319","post","type-post","status-publish","format-standard","has-post-thumbnail","hentry","category-kategoriarik-gabe"],"acf":[],"yoast_head":"<!-- This site is optimized with the Yoast SEO plugin v27.3 - https:\/\/yoast.com\/product\/yoast-seo-wordpress\/ -->\n<title>Paiju Peakeko hegoaldeko aurpegiak hortzak erakutsi dizkie I\u00f1urrategi, Vallejo eta Zabalzari - basqueteam<\/title>\n<meta name=\"robots\" content=\"index, follow, max-snippet:-1, max-image-preview:large, max-video-preview:-1\" \/>\n<link rel=\"canonical\" href=\"https:\/\/basqueteam.eus\/eu\/blog\/inurrategi-vallejo-y-zabalza-se-libran-por-los-pelos-del-peligro-de-la-sur-del-paiju-peak\/\" \/>\n<meta property=\"og:locale\" content=\"eu_ES\" \/>\n<meta property=\"og:type\" content=\"article\" \/>\n<meta property=\"og:title\" content=\"Paiju Peakeko hegoaldeko aurpegiak hortzak erakutsi dizkie I\u00f1urrategi, Vallejo eta Zabalzari - basqueteam\" \/>\n<meta property=\"og:description\" content=\"Oinarrizko kanpalekura itzulita bide seguruago aztertuko dute datozen egunetan Eskegita dauden izotz bloke hauskorrak eta harri-jausiak eguzkia atera orduko, hori [&hellip;]\" \/>\n<meta property=\"og:url\" content=\"https:\/\/basqueteam.eus\/eu\/blog\/inurrategi-vallejo-y-zabalza-se-libran-por-los-pelos-del-peligro-de-la-sur-del-paiju-peak\/\" \/>\n<meta property=\"og:site_name\" content=\"basqueteam\" \/>\n<meta property=\"article:published_time\" content=\"2013-06-24T15:19:00+00:00\" \/>\n<meta property=\"article:modified_time\" content=\"2022-08-09T15:24:41+00:00\" \/>\n<meta property=\"og:image\" content=\"https:\/\/basqueteam.eus\/wp-content\/uploads\/2022\/08\/iniurrategivallejozabalza-sur.jpg\" \/>\n\t<meta property=\"og:image:width\" content=\"1095\" \/>\n\t<meta property=\"og:image:height\" content=\"821\" \/>\n\t<meta property=\"og:image:type\" content=\"image\/jpeg\" \/>\n<meta name=\"author\" content=\"woko-basqueteam\" \/>\n<meta name=\"twitter:card\" content=\"summary_large_image\" \/>\n<meta name=\"twitter:creator\" content=\"@woko\" \/>\n<script type=\"application\/ld+json\" class=\"yoast-schema-graph\">{\"@context\":\"https:\\\/\\\/schema.org\",\"@graph\":[{\"@type\":\"Article\",\"@id\":\"https:\\\/\\\/basqueteam.eus\\\/eu\\\/blog\\\/inurrategi-vallejo-y-zabalza-se-libran-por-los-pelos-del-peligro-de-la-sur-del-paiju-peak\\\/#article\",\"isPartOf\":{\"@id\":\"https:\\\/\\\/basqueteam.eus\\\/eu\\\/blog\\\/inurrategi-vallejo-y-zabalza-se-libran-por-los-pelos-del-peligro-de-la-sur-del-paiju-peak\\\/\"},\"author\":{\"name\":\"woko-basqueteam\",\"@id\":\"https:\\\/\\\/basqueteam.eus\\\/eu\\\/#\\\/schema\\\/person\\\/0e8938a950bbf7f85c32e97e55dc011e\"},\"headline\":\"Paiju Peakeko hegoaldeko aurpegiak hortzak erakutsi dizkie I\u00f1urrategi, Vallejo eta Zabalzari\",\"datePublished\":\"2013-06-24T15:19:00+00:00\",\"dateModified\":\"2022-08-09T15:24:41+00:00\",\"mainEntityOfPage\":{\"@id\":\"https:\\\/\\\/basqueteam.eus\\\/eu\\\/blog\\\/inurrategi-vallejo-y-zabalza-se-libran-por-los-pelos-del-peligro-de-la-sur-del-paiju-peak\\\/\"},\"wordCount\":678,\"commentCount\":0,\"publisher\":{\"@id\":\"https:\\\/\\\/basqueteam.eus\\\/eu\\\/#organization\"},\"image\":{\"@id\":\"https:\\\/\\\/basqueteam.eus\\\/eu\\\/blog\\\/inurrategi-vallejo-y-zabalza-se-libran-por-los-pelos-del-peligro-de-la-sur-del-paiju-peak\\\/#primaryimage\"},\"thumbnailUrl\":\"https:\\\/\\\/basqueteam.eus\\\/wp-content\\\/uploads\\\/2022\\\/08\\\/iniurrategivallejozabalza-sur.jpg\",\"articleSection\":[\"Kategoriarik gabe\"],\"inLanguage\":\"eu-ES\",\"potentialAction\":[{\"@type\":\"CommentAction\",\"name\":\"Comment\",\"target\":[\"https:\\\/\\\/basqueteam.eus\\\/eu\\\/blog\\\/inurrategi-vallejo-y-zabalza-se-libran-por-los-pelos-del-peligro-de-la-sur-del-paiju-peak\\\/#respond\"]}]},{\"@type\":\"WebPage\",\"@id\":\"https:\\\/\\\/basqueteam.eus\\\/eu\\\/blog\\\/inurrategi-vallejo-y-zabalza-se-libran-por-los-pelos-del-peligro-de-la-sur-del-paiju-peak\\\/\",\"url\":\"https:\\\/\\\/basqueteam.eus\\\/eu\\\/blog\\\/inurrategi-vallejo-y-zabalza-se-libran-por-los-pelos-del-peligro-de-la-sur-del-paiju-peak\\\/\",\"name\":\"Paiju Peakeko hegoaldeko aurpegiak hortzak erakutsi dizkie I\u00f1urrategi, Vallejo eta Zabalzari - basqueteam\",\"isPartOf\":{\"@id\":\"https:\\\/\\\/basqueteam.eus\\\/eu\\\/#website\"},\"primaryImageOfPage\":{\"@id\":\"https:\\\/\\\/basqueteam.eus\\\/eu\\\/blog\\\/inurrategi-vallejo-y-zabalza-se-libran-por-los-pelos-del-peligro-de-la-sur-del-paiju-peak\\\/#primaryimage\"},\"image\":{\"@id\":\"https:\\\/\\\/basqueteam.eus\\\/eu\\\/blog\\\/inurrategi-vallejo-y-zabalza-se-libran-por-los-pelos-del-peligro-de-la-sur-del-paiju-peak\\\/#primaryimage\"},\"thumbnailUrl\":\"https:\\\/\\\/basqueteam.eus\\\/wp-content\\\/uploads\\\/2022\\\/08\\\/iniurrategivallejozabalza-sur.jpg\",\"datePublished\":\"2013-06-24T15:19:00+00:00\",\"dateModified\":\"2022-08-09T15:24:41+00:00\",\"breadcrumb\":{\"@id\":\"https:\\\/\\\/basqueteam.eus\\\/eu\\\/blog\\\/inurrategi-vallejo-y-zabalza-se-libran-por-los-pelos-del-peligro-de-la-sur-del-paiju-peak\\\/#breadcrumb\"},\"inLanguage\":\"eu-ES\",\"potentialAction\":[{\"@type\":\"ReadAction\",\"target\":[\"https:\\\/\\\/basqueteam.eus\\\/eu\\\/blog\\\/inurrategi-vallejo-y-zabalza-se-libran-por-los-pelos-del-peligro-de-la-sur-del-paiju-peak\\\/\"]}]},{\"@type\":\"ImageObject\",\"inLanguage\":\"eu-ES\",\"@id\":\"https:\\\/\\\/basqueteam.eus\\\/eu\\\/blog\\\/inurrategi-vallejo-y-zabalza-se-libran-por-los-pelos-del-peligro-de-la-sur-del-paiju-peak\\\/#primaryimage\",\"url\":\"https:\\\/\\\/basqueteam.eus\\\/wp-content\\\/uploads\\\/2022\\\/08\\\/iniurrategivallejozabalza-sur.jpg\",\"contentUrl\":\"https:\\\/\\\/basqueteam.eus\\\/wp-content\\\/uploads\\\/2022\\\/08\\\/iniurrategivallejozabalza-sur.jpg\",\"width\":1095,\"height\":821},{\"@type\":\"BreadcrumbList\",\"@id\":\"https:\\\/\\\/basqueteam.eus\\\/eu\\\/blog\\\/inurrategi-vallejo-y-zabalza-se-libran-por-los-pelos-del-peligro-de-la-sur-del-paiju-peak\\\/#breadcrumb\",\"itemListElement\":[{\"@type\":\"ListItem\",\"position\":1,\"name\":\"Portada\",\"item\":\"https:\\\/\\\/basqueteam.eus\\\/eu\\\/\"},{\"@type\":\"ListItem\",\"position\":2,\"name\":\"Paiju Peakeko hegoaldeko aurpegiak hortzak erakutsi dizkie I\u00f1urrategi, Vallejo eta Zabalzari\"}]},{\"@type\":\"WebSite\",\"@id\":\"https:\\\/\\\/basqueteam.eus\\\/eu\\\/#website\",\"url\":\"https:\\\/\\\/basqueteam.eus\\\/eu\\\/\",\"name\":\"basqueteam\",\"description\":\"Goi Mailako Euskal kirola babesteko eratu den fundazioa da.\",\"publisher\":{\"@id\":\"https:\\\/\\\/basqueteam.eus\\\/eu\\\/#organization\"},\"potentialAction\":[{\"@type\":\"SearchAction\",\"target\":{\"@type\":\"EntryPoint\",\"urlTemplate\":\"https:\\\/\\\/basqueteam.eus\\\/eu\\\/?s={search_term_string}\"},\"query-input\":{\"@type\":\"PropertyValueSpecification\",\"valueRequired\":true,\"valueName\":\"search_term_string\"}}],\"inLanguage\":\"eu-ES\"},{\"@type\":\"Organization\",\"@id\":\"https:\\\/\\\/basqueteam.eus\\\/eu\\\/#organization\",\"name\":\"Basqueteam\",\"url\":\"https:\\\/\\\/basqueteam.eus\\\/eu\\\/\",\"logo\":{\"@type\":\"ImageObject\",\"inLanguage\":\"eu-ES\",\"@id\":\"https:\\\/\\\/basqueteam.eus\\\/eu\\\/#\\\/schema\\\/logo\\\/image\\\/\",\"url\":\"https:\\\/\\\/basqueteam.eus\\\/wp-content\\\/uploads\\\/2022\\\/09\\\/basque-team-logo-positivo.svg\",\"contentUrl\":\"https:\\\/\\\/basqueteam.eus\\\/wp-content\\\/uploads\\\/2022\\\/09\\\/basque-team-logo-positivo.svg\",\"width\":\"1024\",\"height\":\"1024\",\"caption\":\"Basqueteam\"},\"image\":{\"@id\":\"https:\\\/\\\/basqueteam.eus\\\/eu\\\/#\\\/schema\\\/logo\\\/image\\\/\"}},{\"@type\":\"Person\",\"@id\":\"https:\\\/\\\/basqueteam.eus\\\/eu\\\/#\\\/schema\\\/person\\\/0e8938a950bbf7f85c32e97e55dc011e\",\"name\":\"woko-basqueteam\",\"image\":{\"@type\":\"ImageObject\",\"inLanguage\":\"eu-ES\",\"@id\":\"https:\\\/\\\/secure.gravatar.com\\\/avatar\\\/ed80c52e552a422e5b1f3f89a7bc59e06998c3a23fd4bf594bec65e3b8f0e744?s=96&d=mm&r=g\",\"url\":\"https:\\\/\\\/secure.gravatar.com\\\/avatar\\\/ed80c52e552a422e5b1f3f89a7bc59e06998c3a23fd4bf594bec65e3b8f0e744?s=96&d=mm&r=g\",\"contentUrl\":\"https:\\\/\\\/secure.gravatar.com\\\/avatar\\\/ed80c52e552a422e5b1f3f89a7bc59e06998c3a23fd4bf594bec65e3b8f0e744?s=96&d=mm&r=g\",\"caption\":\"woko-basqueteam\"},\"sameAs\":[\"https:\\\/\\\/x.com\\\/woko\"]}]}<\/script>\n<!-- \/ Yoast SEO plugin. -->","yoast_head_json":{"title":"Paiju Peakeko hegoaldeko aurpegiak hortzak erakutsi dizkie I\u00f1urrategi, Vallejo eta Zabalzari - basqueteam","robots":{"index":"index","follow":"follow","max-snippet":"max-snippet:-1","max-image-preview":"max-image-preview:large","max-video-preview":"max-video-preview:-1"},"canonical":"https:\/\/basqueteam.eus\/eu\/blog\/inurrategi-vallejo-y-zabalza-se-libran-por-los-pelos-del-peligro-de-la-sur-del-paiju-peak\/","og_locale":"eu_ES","og_type":"article","og_title":"Paiju Peakeko hegoaldeko aurpegiak hortzak erakutsi dizkie I\u00f1urrategi, Vallejo eta Zabalzari - basqueteam","og_description":"Oinarrizko kanpalekura itzulita bide seguruago aztertuko dute datozen egunetan Eskegita dauden izotz bloke hauskorrak eta harri-jausiak eguzkia atera orduko, hori [&hellip;]","og_url":"https:\/\/basqueteam.eus\/eu\/blog\/inurrategi-vallejo-y-zabalza-se-libran-por-los-pelos-del-peligro-de-la-sur-del-paiju-peak\/","og_site_name":"basqueteam","article_published_time":"2013-06-24T15:19:00+00:00","article_modified_time":"2022-08-09T15:24:41+00:00","og_image":[{"width":1095,"height":821,"url":"https:\/\/basqueteam.eus\/wp-content\/uploads\/2022\/08\/iniurrategivallejozabalza-sur.jpg","type":"image\/jpeg"}],"author":"woko-basqueteam","twitter_card":"summary_large_image","twitter_creator":"@woko","schema":{"@context":"https:\/\/schema.org","@graph":[{"@type":"Article","@id":"https:\/\/basqueteam.eus\/eu\/blog\/inurrategi-vallejo-y-zabalza-se-libran-por-los-pelos-del-peligro-de-la-sur-del-paiju-peak\/#article","isPartOf":{"@id":"https:\/\/basqueteam.eus\/eu\/blog\/inurrategi-vallejo-y-zabalza-se-libran-por-los-pelos-del-peligro-de-la-sur-del-paiju-peak\/"},"author":{"name":"woko-basqueteam","@id":"https:\/\/basqueteam.eus\/eu\/#\/schema\/person\/0e8938a950bbf7f85c32e97e55dc011e"},"headline":"Paiju Peakeko hegoaldeko aurpegiak hortzak erakutsi dizkie I\u00f1urrategi, Vallejo eta Zabalzari","datePublished":"2013-06-24T15:19:00+00:00","dateModified":"2022-08-09T15:24:41+00:00","mainEntityOfPage":{"@id":"https:\/\/basqueteam.eus\/eu\/blog\/inurrategi-vallejo-y-zabalza-se-libran-por-los-pelos-del-peligro-de-la-sur-del-paiju-peak\/"},"wordCount":678,"commentCount":0,"publisher":{"@id":"https:\/\/basqueteam.eus\/eu\/#organization"},"image":{"@id":"https:\/\/basqueteam.eus\/eu\/blog\/inurrategi-vallejo-y-zabalza-se-libran-por-los-pelos-del-peligro-de-la-sur-del-paiju-peak\/#primaryimage"},"thumbnailUrl":"https:\/\/basqueteam.eus\/wp-content\/uploads\/2022\/08\/iniurrategivallejozabalza-sur.jpg","articleSection":["Kategoriarik gabe"],"inLanguage":"eu-ES","potentialAction":[{"@type":"CommentAction","name":"Comment","target":["https:\/\/basqueteam.eus\/eu\/blog\/inurrategi-vallejo-y-zabalza-se-libran-por-los-pelos-del-peligro-de-la-sur-del-paiju-peak\/#respond"]}]},{"@type":"WebPage","@id":"https:\/\/basqueteam.eus\/eu\/blog\/inurrategi-vallejo-y-zabalza-se-libran-por-los-pelos-del-peligro-de-la-sur-del-paiju-peak\/","url":"https:\/\/basqueteam.eus\/eu\/blog\/inurrategi-vallejo-y-zabalza-se-libran-por-los-pelos-del-peligro-de-la-sur-del-paiju-peak\/","name":"Paiju Peakeko hegoaldeko aurpegiak hortzak erakutsi dizkie I\u00f1urrategi, Vallejo eta Zabalzari - basqueteam","isPartOf":{"@id":"https:\/\/basqueteam.eus\/eu\/#website"},"primaryImageOfPage":{"@id":"https:\/\/basqueteam.eus\/eu\/blog\/inurrategi-vallejo-y-zabalza-se-libran-por-los-pelos-del-peligro-de-la-sur-del-paiju-peak\/#primaryimage"},"image":{"@id":"https:\/\/basqueteam.eus\/eu\/blog\/inurrategi-vallejo-y-zabalza-se-libran-por-los-pelos-del-peligro-de-la-sur-del-paiju-peak\/#primaryimage"},"thumbnailUrl":"https:\/\/basqueteam.eus\/wp-content\/uploads\/2022\/08\/iniurrategivallejozabalza-sur.jpg","datePublished":"2013-06-24T15:19:00+00:00","dateModified":"2022-08-09T15:24:41+00:00","breadcrumb":{"@id":"https:\/\/basqueteam.eus\/eu\/blog\/inurrategi-vallejo-y-zabalza-se-libran-por-los-pelos-del-peligro-de-la-sur-del-paiju-peak\/#breadcrumb"},"inLanguage":"eu-ES","potentialAction":[{"@type":"ReadAction","target":["https:\/\/basqueteam.eus\/eu\/blog\/inurrategi-vallejo-y-zabalza-se-libran-por-los-pelos-del-peligro-de-la-sur-del-paiju-peak\/"]}]},{"@type":"ImageObject","inLanguage":"eu-ES","@id":"https:\/\/basqueteam.eus\/eu\/blog\/inurrategi-vallejo-y-zabalza-se-libran-por-los-pelos-del-peligro-de-la-sur-del-paiju-peak\/#primaryimage","url":"https:\/\/basqueteam.eus\/wp-content\/uploads\/2022\/08\/iniurrategivallejozabalza-sur.jpg","contentUrl":"https:\/\/basqueteam.eus\/wp-content\/uploads\/2022\/08\/iniurrategivallejozabalza-sur.jpg","width":1095,"height":821},{"@type":"BreadcrumbList","@id":"https:\/\/basqueteam.eus\/eu\/blog\/inurrategi-vallejo-y-zabalza-se-libran-por-los-pelos-del-peligro-de-la-sur-del-paiju-peak\/#breadcrumb","itemListElement":[{"@type":"ListItem","position":1,"name":"Portada","item":"https:\/\/basqueteam.eus\/eu\/"},{"@type":"ListItem","position":2,"name":"Paiju Peakeko hegoaldeko aurpegiak hortzak erakutsi dizkie I\u00f1urrategi, Vallejo eta Zabalzari"}]},{"@type":"WebSite","@id":"https:\/\/basqueteam.eus\/eu\/#website","url":"https:\/\/basqueteam.eus\/eu\/","name":"basqueteam","description":"Goi Mailako Euskal kirola babesteko eratu den fundazioa da.","publisher":{"@id":"https:\/\/basqueteam.eus\/eu\/#organization"},"potentialAction":[{"@type":"SearchAction","target":{"@type":"EntryPoint","urlTemplate":"https:\/\/basqueteam.eus\/eu\/?s={search_term_string}"},"query-input":{"@type":"PropertyValueSpecification","valueRequired":true,"valueName":"search_term_string"}}],"inLanguage":"eu-ES"},{"@type":"Organization","@id":"https:\/\/basqueteam.eus\/eu\/#organization","name":"Basqueteam","url":"https:\/\/basqueteam.eus\/eu\/","logo":{"@type":"ImageObject","inLanguage":"eu-ES","@id":"https:\/\/basqueteam.eus\/eu\/#\/schema\/logo\/image\/","url":"https:\/\/basqueteam.eus\/wp-content\/uploads\/2022\/09\/basque-team-logo-positivo.svg","contentUrl":"https:\/\/basqueteam.eus\/wp-content\/uploads\/2022\/09\/basque-team-logo-positivo.svg","width":"1024","height":"1024","caption":"Basqueteam"},"image":{"@id":"https:\/\/basqueteam.eus\/eu\/#\/schema\/logo\/image\/"}},{"@type":"Person","@id":"https:\/\/basqueteam.eus\/eu\/#\/schema\/person\/0e8938a950bbf7f85c32e97e55dc011e","name":"woko-basqueteam","image":{"@type":"ImageObject","inLanguage":"eu-ES","@id":"https:\/\/secure.gravatar.com\/avatar\/ed80c52e552a422e5b1f3f89a7bc59e06998c3a23fd4bf594bec65e3b8f0e744?s=96&d=mm&r=g","url":"https:\/\/secure.gravatar.com\/avatar\/ed80c52e552a422e5b1f3f89a7bc59e06998c3a23fd4bf594bec65e3b8f0e744?s=96&d=mm&r=g","contentUrl":"https:\/\/secure.gravatar.com\/avatar\/ed80c52e552a422e5b1f3f89a7bc59e06998c3a23fd4bf594bec65e3b8f0e744?s=96&d=mm&r=g","caption":"woko-basqueteam"},"sameAs":["https:\/\/x.com\/woko"]}]}},"_links":{"self":[{"href":"https:\/\/basqueteam.eus\/eu\/wp-json\/wp\/v2\/posts\/8319","targetHints":{"allow":["GET"]}}],"collection":[{"href":"https:\/\/basqueteam.eus\/eu\/wp-json\/wp\/v2\/posts"}],"about":[{"href":"https:\/\/basqueteam.eus\/eu\/wp-json\/wp\/v2\/types\/post"}],"author":[{"embeddable":true,"href":"https:\/\/basqueteam.eus\/eu\/wp-json\/wp\/v2\/users\/5"}],"replies":[{"embeddable":true,"href":"https:\/\/basqueteam.eus\/eu\/wp-json\/wp\/v2\/comments?post=8319"}],"version-history":[{"count":1,"href":"https:\/\/basqueteam.eus\/eu\/wp-json\/wp\/v2\/posts\/8319\/revisions"}],"predecessor-version":[{"id":8320,"href":"https:\/\/basqueteam.eus\/eu\/wp-json\/wp\/v2\/posts\/8319\/revisions\/8320"}],"wp:featuredmedia":[{"embeddable":true,"href":"https:\/\/basqueteam.eus\/eu\/wp-json\/wp\/v2\/media\/8283"}],"wp:attachment":[{"href":"https:\/\/basqueteam.eus\/eu\/wp-json\/wp\/v2\/media?parent=8319"}],"wp:term":[{"taxonomy":"category","embeddable":true,"href":"https:\/\/basqueteam.eus\/eu\/wp-json\/wp\/v2\/categories?post=8319"},{"taxonomy":"post_tag","embeddable":true,"href":"https:\/\/basqueteam.eus\/eu\/wp-json\/wp\/v2\/tags?post=8319"}],"curies":[{"name":"wp","href":"https:\/\/api.w.org\/{rel}","templated":true}]}}