{"id":8223,"date":"2013-07-11T11:25:00","date_gmt":"2013-07-11T09:25:00","guid":{"rendered":"https:\/\/basqueteam.eus\/?p=8223"},"modified":"2022-08-09T11:29:29","modified_gmt":"2022-08-09T09:29:29","slug":"las-tormentas-del-paiju-peak-rechazan-a-inurrategi-vallejo-y-zabalza","status":"publish","type":"post","link":"https:\/\/basqueteam.eus\/eu\/blog\/las-tormentas-del-paiju-peak-rechazan-a-inurrategi-vallejo-y-zabalza\/","title":{"rendered":"Paiju Peak-eko ekaitzek atzera bota dituzte I\u00f1urrategi, Vallejo eta Zabalza"},"content":{"rendered":"\n<p>Igo ahal izateko erabakigarria izan zitekeen eguraldi iragarpen ona ez da azkenean bete<\/p>\n\n\n\n<p>Asteazkenez, uztailaren 10ean, atera ziren Alberto I\u00f1urrategi, Juan Vallejo eta Mikel Zabalza oinarrizko kanpalekutik 12 egunez Paiju Peak-eko paretatik eskegita egoteko behar zituzten bizigai eta materialarekin eta mendi-leporaino iritsi ziren. Ostegunean sartu ziren bete-betean Paiju Peakeko tontorrera (6.610 metro) eramaten duten 600 metroen aurretik aurkitzen den kilometro pasatxoko paretan. Hiru egunetan 500 metro eskalatu zituzten kapsula erara balizko ibilbidean agertzen zen bigarren elurtegiraino. Astelehenetik elur ekaitzek eskalatzea galerazi diete. Bizigaiak geroz eta murritzagoak dira eta gaurko iragarrita zegoen eguraldi ona ez da azaldu. Pareta erdia &#8220;baino&#8221; ez zuten aurretik baina beheranzko bidea hartu behar izan dute.<\/p>\n\n\n\n<p>Paijutik mendizaleen kontakizuna:<\/p>\n\n\n\n<p>\u201c<em>Regresamos al campo base rotos tras 8 d\u00edas de intento de escalar el enorme pilar sur del Paiju Peak.<\/em><\/p>\n\n\n\n<p>El 10 de julio cargamos v\u00edveres para 14 d\u00edas, 12 para la pared. Puede parecer mucho pero en una ascensi\u00f3n de este tipo no lo es tanto. El quinto d\u00eda llegamos al nevero situado en la mitad de la pared a algo mas de 500 metros de la base de la misma. El parte nos anuncia dos d\u00edas de mal tiempo, aparentemente no demasiado malo. Casi agradecemos un d\u00eda de descanso ya que llegar hasta aqu\u00ed con todo el equipo en tan pocos d\u00edas nos ha supuesto un gran esfuerzo y por ahora llevamos un d\u00eda de retraso sobre el plan previsto, algo totalmente asumible, pero alcanzar la mitad de la pared nos reporta motivaci\u00f3n extra para seguir.<\/p>\n\n\n\n<p>El Karakorum nos muestra entonces su cara m\u00e1s dura y nos recuerda que por aqu\u00ed las monta\u00f1as son muy grandes y que nosotros somos muy peque\u00f1os. Nuestra minitienda ubicada a golpe de piolet en la vertiginosa pendiente ya no nos parece un lugar tan seguro tras quince horas de nevada ininterrumpida. Una hora de calma nos devuelve la esperanza pero una segunda noche de nevadas constantes dejan la pared completamente tapizada de blanco as\u00ed como nuestros nervios a punto de estallar. Momentos de dudas, de hacer recuento de provisiones, de confiar en el parte o en lo que est\u00e1s viendo. Optamos por hacer caso de nuestro instinto y descender antes de que la cosa se ponga todav\u00eda peor.<\/p>\n\n\n\n<p>El s\u00e9ptimo d\u00eda, envueltos en la ventisca, recogemos todo el equipo e iniciamos el descenso con todas las precauciones y con el objetivo ahora de salvar el pellejo. Lanzamos un petate con 200 metros de cuerda, la comida y parte del equipo para poder ser m\u00e1s \u00e1giles en los r\u00e1peles y en las complicadas traves\u00edas que tenemos que deshacer para regresar sobre nuestros pasos. La pared se ha helado completamente y la ventisca nos hiela hasta los huesos. Tras ocho horas llegamos de nuevo al glaciar donde recuperamos todo el equipo que se fue haciendo salto base. Hemos tenido que abandonar dos pedazos de cuerda para deshacer 2 traves\u00edas que en estas condiciones se hab\u00edan convertido en puntos de no retorno. Una vez en el glaciar nos damos toda la prisa posible por salir de all\u00ed. Continuas avalanchas barren el mismo por diferentes costados, no es un lugar para contemplaciones. Regresamos a la seguridad de nuestro campo 1 donde nos tumbamos y al momento caemos dormidos. La tormenta no cesa e incluso se incrementa en esta siguiente noche. \u201c!Bueno! ahora que nos hemos bajado\u2026 que nieve lo que quiera\u201d, comenta Alberto\u201d. Y tanto que nieva, no para de hacerlo en los dos siguientes d\u00edas lo cual nos dificulta mucho los desporteos hasta el campo base.<\/p>\n\n\n\n<p>Enfrentarse a terreno desconocido es algo fascinante pero supone tomar continuamente decisiones, que ahora en la seguridad del campo base pensamos que quiz\u00e1s no hayan sido las m\u00e1s adecuadas. Seguramente nuestro principal problema no haya sido la tormenta que nos pill\u00f3 en la pared, ya que esperar 12 d\u00edas seguidos de buen tiempo en el Karakorum es casi una utop\u00eda, sino un error de c\u00e1lculo, de percepci\u00f3n de la realidad, de la verdadera dimensi\u00f3n del objetivo al que nos enfrent\u00e1bamos y de usar una estrategia acorde a la misma. Como dice el refr\u00e1n, despu\u00e9s de vistos, todo somos listos. Una estrategia algo m\u00e1s conservadora creemos que hubiese sido la mas acertada para \u00e9ste, el Big Wall m\u00e1s duro que yo he intentado nunca. Con cuerda fija para llegar hasta el segundo nevero y hamacas de pared posiblemente hubi\u00e9semos podido soportar el temporal en la seguridad del campo 1 y regresar hasta ese punto sin problemas.<\/p>\n\n\n\n<p>Estas experiencias nos ayudan a crecer como personas, como alpinistas y espero nos sirvan para ser m\u00e1s eficaces en futuras aventuras. El pilar sur del Paiju queda pendiente como un gran desaf\u00edo para un futuro. Gran parte de sus secretos ya est\u00e1n desvelados y espera a que otros alpinistas, o quiz\u00e1s nosotros mismos, puedan culminar con \u00e9xito este imponente reto\u201d.<\/p>\n","protected":false},"excerpt":{"rendered":"<p>Igo ahal izateko erabakigarria izan zitekeen eguraldi iragarpen ona ez da azkenean bete Asteazkenez, uztailaren 10ean, atera ziren Alberto I\u00f1urrategi, [&hellip;]<\/p>\n","protected":false},"author":5,"featured_media":8141,"comment_status":"open","ping_status":"open","sticky":false,"template":"","format":"standard","meta":{"_acf_changed":false,"inline_featured_image":false,"footnotes":""},"categories":[2],"tags":[],"class_list":["post-8223","post","type-post","status-publish","format-standard","has-post-thumbnail","hentry","category-kategoriarik-gabe"],"acf":[],"yoast_head":"<!-- This site is optimized with the Yoast SEO plugin v27.3 - https:\/\/yoast.com\/product\/yoast-seo-wordpress\/ -->\n<title>Paiju Peak-eko ekaitzek atzera bota dituzte I\u00f1urrategi, Vallejo eta Zabalza - basqueteam<\/title>\n<meta name=\"robots\" content=\"index, follow, max-snippet:-1, max-image-preview:large, max-video-preview:-1\" \/>\n<link rel=\"canonical\" href=\"https:\/\/basqueteam.eus\/eu\/blog\/las-tormentas-del-paiju-peak-rechazan-a-inurrategi-vallejo-y-zabalza\/\" \/>\n<meta property=\"og:locale\" content=\"eu_ES\" \/>\n<meta property=\"og:type\" content=\"article\" \/>\n<meta property=\"og:title\" content=\"Paiju Peak-eko ekaitzek atzera bota dituzte I\u00f1urrategi, Vallejo eta Zabalza - basqueteam\" \/>\n<meta property=\"og:description\" content=\"Igo ahal izateko erabakigarria izan zitekeen eguraldi iragarpen ona ez da azkenean bete Asteazkenez, uztailaren 10ean, atera ziren Alberto I\u00f1urrategi, [&hellip;]\" \/>\n<meta property=\"og:url\" content=\"https:\/\/basqueteam.eus\/eu\/blog\/las-tormentas-del-paiju-peak-rechazan-a-inurrategi-vallejo-y-zabalza\/\" \/>\n<meta property=\"og:site_name\" content=\"basqueteam\" \/>\n<meta property=\"article:published_time\" content=\"2013-07-11T09:25:00+00:00\" \/>\n<meta property=\"article:modified_time\" content=\"2022-08-09T09:29:29+00:00\" \/>\n<meta property=\"og:image\" content=\"https:\/\/basqueteam.eus\/wp-content\/uploads\/2022\/08\/paijupeak.jpg\" \/>\n\t<meta property=\"og:image:width\" content=\"1200\" \/>\n\t<meta property=\"og:image:height\" content=\"900\" \/>\n\t<meta property=\"og:image:type\" content=\"image\/jpeg\" \/>\n<meta name=\"author\" content=\"woko-basqueteam\" \/>\n<meta name=\"twitter:card\" content=\"summary_large_image\" \/>\n<meta name=\"twitter:creator\" content=\"@woko\" \/>\n<script type=\"application\/ld+json\" class=\"yoast-schema-graph\">{\"@context\":\"https:\\\/\\\/schema.org\",\"@graph\":[{\"@type\":\"Article\",\"@id\":\"https:\\\/\\\/basqueteam.eus\\\/eu\\\/blog\\\/las-tormentas-del-paiju-peak-rechazan-a-inurrategi-vallejo-y-zabalza\\\/#article\",\"isPartOf\":{\"@id\":\"https:\\\/\\\/basqueteam.eus\\\/eu\\\/blog\\\/las-tormentas-del-paiju-peak-rechazan-a-inurrategi-vallejo-y-zabalza\\\/\"},\"author\":{\"name\":\"woko-basqueteam\",\"@id\":\"https:\\\/\\\/basqueteam.eus\\\/eu\\\/#\\\/schema\\\/person\\\/0e8938a950bbf7f85c32e97e55dc011e\"},\"headline\":\"Paiju Peak-eko ekaitzek atzera bota dituzte I\u00f1urrategi, Vallejo eta Zabalza\",\"datePublished\":\"2013-07-11T09:25:00+00:00\",\"dateModified\":\"2022-08-09T09:29:29+00:00\",\"mainEntityOfPage\":{\"@id\":\"https:\\\/\\\/basqueteam.eus\\\/eu\\\/blog\\\/las-tormentas-del-paiju-peak-rechazan-a-inurrategi-vallejo-y-zabalza\\\/\"},\"wordCount\":835,\"commentCount\":0,\"publisher\":{\"@id\":\"https:\\\/\\\/basqueteam.eus\\\/eu\\\/#organization\"},\"image\":{\"@id\":\"https:\\\/\\\/basqueteam.eus\\\/eu\\\/blog\\\/las-tormentas-del-paiju-peak-rechazan-a-inurrategi-vallejo-y-zabalza\\\/#primaryimage\"},\"thumbnailUrl\":\"https:\\\/\\\/basqueteam.eus\\\/wp-content\\\/uploads\\\/2022\\\/08\\\/paijupeak.jpg\",\"articleSection\":[\"Kategoriarik gabe\"],\"inLanguage\":\"eu-ES\",\"potentialAction\":[{\"@type\":\"CommentAction\",\"name\":\"Comment\",\"target\":[\"https:\\\/\\\/basqueteam.eus\\\/eu\\\/blog\\\/las-tormentas-del-paiju-peak-rechazan-a-inurrategi-vallejo-y-zabalza\\\/#respond\"]}]},{\"@type\":\"WebPage\",\"@id\":\"https:\\\/\\\/basqueteam.eus\\\/eu\\\/blog\\\/las-tormentas-del-paiju-peak-rechazan-a-inurrategi-vallejo-y-zabalza\\\/\",\"url\":\"https:\\\/\\\/basqueteam.eus\\\/eu\\\/blog\\\/las-tormentas-del-paiju-peak-rechazan-a-inurrategi-vallejo-y-zabalza\\\/\",\"name\":\"Paiju Peak-eko ekaitzek atzera bota dituzte I\u00f1urrategi, Vallejo eta Zabalza - basqueteam\",\"isPartOf\":{\"@id\":\"https:\\\/\\\/basqueteam.eus\\\/eu\\\/#website\"},\"primaryImageOfPage\":{\"@id\":\"https:\\\/\\\/basqueteam.eus\\\/eu\\\/blog\\\/las-tormentas-del-paiju-peak-rechazan-a-inurrategi-vallejo-y-zabalza\\\/#primaryimage\"},\"image\":{\"@id\":\"https:\\\/\\\/basqueteam.eus\\\/eu\\\/blog\\\/las-tormentas-del-paiju-peak-rechazan-a-inurrategi-vallejo-y-zabalza\\\/#primaryimage\"},\"thumbnailUrl\":\"https:\\\/\\\/basqueteam.eus\\\/wp-content\\\/uploads\\\/2022\\\/08\\\/paijupeak.jpg\",\"datePublished\":\"2013-07-11T09:25:00+00:00\",\"dateModified\":\"2022-08-09T09:29:29+00:00\",\"breadcrumb\":{\"@id\":\"https:\\\/\\\/basqueteam.eus\\\/eu\\\/blog\\\/las-tormentas-del-paiju-peak-rechazan-a-inurrategi-vallejo-y-zabalza\\\/#breadcrumb\"},\"inLanguage\":\"eu-ES\",\"potentialAction\":[{\"@type\":\"ReadAction\",\"target\":[\"https:\\\/\\\/basqueteam.eus\\\/eu\\\/blog\\\/las-tormentas-del-paiju-peak-rechazan-a-inurrategi-vallejo-y-zabalza\\\/\"]}]},{\"@type\":\"ImageObject\",\"inLanguage\":\"eu-ES\",\"@id\":\"https:\\\/\\\/basqueteam.eus\\\/eu\\\/blog\\\/las-tormentas-del-paiju-peak-rechazan-a-inurrategi-vallejo-y-zabalza\\\/#primaryimage\",\"url\":\"https:\\\/\\\/basqueteam.eus\\\/wp-content\\\/uploads\\\/2022\\\/08\\\/paijupeak.jpg\",\"contentUrl\":\"https:\\\/\\\/basqueteam.eus\\\/wp-content\\\/uploads\\\/2022\\\/08\\\/paijupeak.jpg\",\"width\":1200,\"height\":900},{\"@type\":\"BreadcrumbList\",\"@id\":\"https:\\\/\\\/basqueteam.eus\\\/eu\\\/blog\\\/las-tormentas-del-paiju-peak-rechazan-a-inurrategi-vallejo-y-zabalza\\\/#breadcrumb\",\"itemListElement\":[{\"@type\":\"ListItem\",\"position\":1,\"name\":\"Portada\",\"item\":\"https:\\\/\\\/basqueteam.eus\\\/eu\\\/\"},{\"@type\":\"ListItem\",\"position\":2,\"name\":\"Paiju Peak-eko ekaitzek atzera bota dituzte I\u00f1urrategi, Vallejo eta Zabalza\"}]},{\"@type\":\"WebSite\",\"@id\":\"https:\\\/\\\/basqueteam.eus\\\/eu\\\/#website\",\"url\":\"https:\\\/\\\/basqueteam.eus\\\/eu\\\/\",\"name\":\"basqueteam\",\"description\":\"Goi Mailako Euskal kirola babesteko eratu den fundazioa da.\",\"publisher\":{\"@id\":\"https:\\\/\\\/basqueteam.eus\\\/eu\\\/#organization\"},\"potentialAction\":[{\"@type\":\"SearchAction\",\"target\":{\"@type\":\"EntryPoint\",\"urlTemplate\":\"https:\\\/\\\/basqueteam.eus\\\/eu\\\/?s={search_term_string}\"},\"query-input\":{\"@type\":\"PropertyValueSpecification\",\"valueRequired\":true,\"valueName\":\"search_term_string\"}}],\"inLanguage\":\"eu-ES\"},{\"@type\":\"Organization\",\"@id\":\"https:\\\/\\\/basqueteam.eus\\\/eu\\\/#organization\",\"name\":\"Basqueteam\",\"url\":\"https:\\\/\\\/basqueteam.eus\\\/eu\\\/\",\"logo\":{\"@type\":\"ImageObject\",\"inLanguage\":\"eu-ES\",\"@id\":\"https:\\\/\\\/basqueteam.eus\\\/eu\\\/#\\\/schema\\\/logo\\\/image\\\/\",\"url\":\"https:\\\/\\\/basqueteam.eus\\\/wp-content\\\/uploads\\\/2022\\\/09\\\/basque-team-logo-positivo.svg\",\"contentUrl\":\"https:\\\/\\\/basqueteam.eus\\\/wp-content\\\/uploads\\\/2022\\\/09\\\/basque-team-logo-positivo.svg\",\"width\":\"1024\",\"height\":\"1024\",\"caption\":\"Basqueteam\"},\"image\":{\"@id\":\"https:\\\/\\\/basqueteam.eus\\\/eu\\\/#\\\/schema\\\/logo\\\/image\\\/\"}},{\"@type\":\"Person\",\"@id\":\"https:\\\/\\\/basqueteam.eus\\\/eu\\\/#\\\/schema\\\/person\\\/0e8938a950bbf7f85c32e97e55dc011e\",\"name\":\"woko-basqueteam\",\"image\":{\"@type\":\"ImageObject\",\"inLanguage\":\"eu-ES\",\"@id\":\"https:\\\/\\\/secure.gravatar.com\\\/avatar\\\/ed80c52e552a422e5b1f3f89a7bc59e06998c3a23fd4bf594bec65e3b8f0e744?s=96&d=mm&r=g\",\"url\":\"https:\\\/\\\/secure.gravatar.com\\\/avatar\\\/ed80c52e552a422e5b1f3f89a7bc59e06998c3a23fd4bf594bec65e3b8f0e744?s=96&d=mm&r=g\",\"contentUrl\":\"https:\\\/\\\/secure.gravatar.com\\\/avatar\\\/ed80c52e552a422e5b1f3f89a7bc59e06998c3a23fd4bf594bec65e3b8f0e744?s=96&d=mm&r=g\",\"caption\":\"woko-basqueteam\"},\"sameAs\":[\"https:\\\/\\\/x.com\\\/woko\"]}]}<\/script>\n<!-- \/ Yoast SEO plugin. -->","yoast_head_json":{"title":"Paiju Peak-eko ekaitzek atzera bota dituzte I\u00f1urrategi, Vallejo eta Zabalza - basqueteam","robots":{"index":"index","follow":"follow","max-snippet":"max-snippet:-1","max-image-preview":"max-image-preview:large","max-video-preview":"max-video-preview:-1"},"canonical":"https:\/\/basqueteam.eus\/eu\/blog\/las-tormentas-del-paiju-peak-rechazan-a-inurrategi-vallejo-y-zabalza\/","og_locale":"eu_ES","og_type":"article","og_title":"Paiju Peak-eko ekaitzek atzera bota dituzte I\u00f1urrategi, Vallejo eta Zabalza - basqueteam","og_description":"Igo ahal izateko erabakigarria izan zitekeen eguraldi iragarpen ona ez da azkenean bete Asteazkenez, uztailaren 10ean, atera ziren Alberto I\u00f1urrategi, [&hellip;]","og_url":"https:\/\/basqueteam.eus\/eu\/blog\/las-tormentas-del-paiju-peak-rechazan-a-inurrategi-vallejo-y-zabalza\/","og_site_name":"basqueteam","article_published_time":"2013-07-11T09:25:00+00:00","article_modified_time":"2022-08-09T09:29:29+00:00","og_image":[{"width":1200,"height":900,"url":"https:\/\/basqueteam.eus\/wp-content\/uploads\/2022\/08\/paijupeak.jpg","type":"image\/jpeg"}],"author":"woko-basqueteam","twitter_card":"summary_large_image","twitter_creator":"@woko","schema":{"@context":"https:\/\/schema.org","@graph":[{"@type":"Article","@id":"https:\/\/basqueteam.eus\/eu\/blog\/las-tormentas-del-paiju-peak-rechazan-a-inurrategi-vallejo-y-zabalza\/#article","isPartOf":{"@id":"https:\/\/basqueteam.eus\/eu\/blog\/las-tormentas-del-paiju-peak-rechazan-a-inurrategi-vallejo-y-zabalza\/"},"author":{"name":"woko-basqueteam","@id":"https:\/\/basqueteam.eus\/eu\/#\/schema\/person\/0e8938a950bbf7f85c32e97e55dc011e"},"headline":"Paiju Peak-eko ekaitzek atzera bota dituzte I\u00f1urrategi, Vallejo eta Zabalza","datePublished":"2013-07-11T09:25:00+00:00","dateModified":"2022-08-09T09:29:29+00:00","mainEntityOfPage":{"@id":"https:\/\/basqueteam.eus\/eu\/blog\/las-tormentas-del-paiju-peak-rechazan-a-inurrategi-vallejo-y-zabalza\/"},"wordCount":835,"commentCount":0,"publisher":{"@id":"https:\/\/basqueteam.eus\/eu\/#organization"},"image":{"@id":"https:\/\/basqueteam.eus\/eu\/blog\/las-tormentas-del-paiju-peak-rechazan-a-inurrategi-vallejo-y-zabalza\/#primaryimage"},"thumbnailUrl":"https:\/\/basqueteam.eus\/wp-content\/uploads\/2022\/08\/paijupeak.jpg","articleSection":["Kategoriarik gabe"],"inLanguage":"eu-ES","potentialAction":[{"@type":"CommentAction","name":"Comment","target":["https:\/\/basqueteam.eus\/eu\/blog\/las-tormentas-del-paiju-peak-rechazan-a-inurrategi-vallejo-y-zabalza\/#respond"]}]},{"@type":"WebPage","@id":"https:\/\/basqueteam.eus\/eu\/blog\/las-tormentas-del-paiju-peak-rechazan-a-inurrategi-vallejo-y-zabalza\/","url":"https:\/\/basqueteam.eus\/eu\/blog\/las-tormentas-del-paiju-peak-rechazan-a-inurrategi-vallejo-y-zabalza\/","name":"Paiju Peak-eko ekaitzek atzera bota dituzte I\u00f1urrategi, Vallejo eta Zabalza - basqueteam","isPartOf":{"@id":"https:\/\/basqueteam.eus\/eu\/#website"},"primaryImageOfPage":{"@id":"https:\/\/basqueteam.eus\/eu\/blog\/las-tormentas-del-paiju-peak-rechazan-a-inurrategi-vallejo-y-zabalza\/#primaryimage"},"image":{"@id":"https:\/\/basqueteam.eus\/eu\/blog\/las-tormentas-del-paiju-peak-rechazan-a-inurrategi-vallejo-y-zabalza\/#primaryimage"},"thumbnailUrl":"https:\/\/basqueteam.eus\/wp-content\/uploads\/2022\/08\/paijupeak.jpg","datePublished":"2013-07-11T09:25:00+00:00","dateModified":"2022-08-09T09:29:29+00:00","breadcrumb":{"@id":"https:\/\/basqueteam.eus\/eu\/blog\/las-tormentas-del-paiju-peak-rechazan-a-inurrategi-vallejo-y-zabalza\/#breadcrumb"},"inLanguage":"eu-ES","potentialAction":[{"@type":"ReadAction","target":["https:\/\/basqueteam.eus\/eu\/blog\/las-tormentas-del-paiju-peak-rechazan-a-inurrategi-vallejo-y-zabalza\/"]}]},{"@type":"ImageObject","inLanguage":"eu-ES","@id":"https:\/\/basqueteam.eus\/eu\/blog\/las-tormentas-del-paiju-peak-rechazan-a-inurrategi-vallejo-y-zabalza\/#primaryimage","url":"https:\/\/basqueteam.eus\/wp-content\/uploads\/2022\/08\/paijupeak.jpg","contentUrl":"https:\/\/basqueteam.eus\/wp-content\/uploads\/2022\/08\/paijupeak.jpg","width":1200,"height":900},{"@type":"BreadcrumbList","@id":"https:\/\/basqueteam.eus\/eu\/blog\/las-tormentas-del-paiju-peak-rechazan-a-inurrategi-vallejo-y-zabalza\/#breadcrumb","itemListElement":[{"@type":"ListItem","position":1,"name":"Portada","item":"https:\/\/basqueteam.eus\/eu\/"},{"@type":"ListItem","position":2,"name":"Paiju Peak-eko ekaitzek atzera bota dituzte I\u00f1urrategi, Vallejo eta Zabalza"}]},{"@type":"WebSite","@id":"https:\/\/basqueteam.eus\/eu\/#website","url":"https:\/\/basqueteam.eus\/eu\/","name":"basqueteam","description":"Goi Mailako Euskal kirola babesteko eratu den fundazioa da.","publisher":{"@id":"https:\/\/basqueteam.eus\/eu\/#organization"},"potentialAction":[{"@type":"SearchAction","target":{"@type":"EntryPoint","urlTemplate":"https:\/\/basqueteam.eus\/eu\/?s={search_term_string}"},"query-input":{"@type":"PropertyValueSpecification","valueRequired":true,"valueName":"search_term_string"}}],"inLanguage":"eu-ES"},{"@type":"Organization","@id":"https:\/\/basqueteam.eus\/eu\/#organization","name":"Basqueteam","url":"https:\/\/basqueteam.eus\/eu\/","logo":{"@type":"ImageObject","inLanguage":"eu-ES","@id":"https:\/\/basqueteam.eus\/eu\/#\/schema\/logo\/image\/","url":"https:\/\/basqueteam.eus\/wp-content\/uploads\/2022\/09\/basque-team-logo-positivo.svg","contentUrl":"https:\/\/basqueteam.eus\/wp-content\/uploads\/2022\/09\/basque-team-logo-positivo.svg","width":"1024","height":"1024","caption":"Basqueteam"},"image":{"@id":"https:\/\/basqueteam.eus\/eu\/#\/schema\/logo\/image\/"}},{"@type":"Person","@id":"https:\/\/basqueteam.eus\/eu\/#\/schema\/person\/0e8938a950bbf7f85c32e97e55dc011e","name":"woko-basqueteam","image":{"@type":"ImageObject","inLanguage":"eu-ES","@id":"https:\/\/secure.gravatar.com\/avatar\/ed80c52e552a422e5b1f3f89a7bc59e06998c3a23fd4bf594bec65e3b8f0e744?s=96&d=mm&r=g","url":"https:\/\/secure.gravatar.com\/avatar\/ed80c52e552a422e5b1f3f89a7bc59e06998c3a23fd4bf594bec65e3b8f0e744?s=96&d=mm&r=g","contentUrl":"https:\/\/secure.gravatar.com\/avatar\/ed80c52e552a422e5b1f3f89a7bc59e06998c3a23fd4bf594bec65e3b8f0e744?s=96&d=mm&r=g","caption":"woko-basqueteam"},"sameAs":["https:\/\/x.com\/woko"]}]}},"_links":{"self":[{"href":"https:\/\/basqueteam.eus\/eu\/wp-json\/wp\/v2\/posts\/8223","targetHints":{"allow":["GET"]}}],"collection":[{"href":"https:\/\/basqueteam.eus\/eu\/wp-json\/wp\/v2\/posts"}],"about":[{"href":"https:\/\/basqueteam.eus\/eu\/wp-json\/wp\/v2\/types\/post"}],"author":[{"embeddable":true,"href":"https:\/\/basqueteam.eus\/eu\/wp-json\/wp\/v2\/users\/5"}],"replies":[{"embeddable":true,"href":"https:\/\/basqueteam.eus\/eu\/wp-json\/wp\/v2\/comments?post=8223"}],"version-history":[{"count":2,"href":"https:\/\/basqueteam.eus\/eu\/wp-json\/wp\/v2\/posts\/8223\/revisions"}],"predecessor-version":[{"id":8225,"href":"https:\/\/basqueteam.eus\/eu\/wp-json\/wp\/v2\/posts\/8223\/revisions\/8225"}],"wp:featuredmedia":[{"embeddable":true,"href":"https:\/\/basqueteam.eus\/eu\/wp-json\/wp\/v2\/media\/8141"}],"wp:attachment":[{"href":"https:\/\/basqueteam.eus\/eu\/wp-json\/wp\/v2\/media?parent=8223"}],"wp:term":[{"taxonomy":"category","embeddable":true,"href":"https:\/\/basqueteam.eus\/eu\/wp-json\/wp\/v2\/categories?post=8223"},{"taxonomy":"post_tag","embeddable":true,"href":"https:\/\/basqueteam.eus\/eu\/wp-json\/wp\/v2\/tags?post=8223"}],"curies":[{"name":"wp","href":"https:\/\/api.w.org\/{rel}","templated":true}]}}