{"id":8175,"date":"2014-02-18T10:41:00","date_gmt":"2014-02-18T09:41:00","guid":{"rendered":"https:\/\/basqueteam.eus\/?p=8175"},"modified":"2022-08-09T10:47:09","modified_gmt":"2022-08-09T08:47:09","slug":"lucas-eguibar-finaliza-septimo-en-la-prueba-de-boardercross-de-los-jj-oo-de-sochi-2014","status":"publish","type":"post","link":"https:\/\/basqueteam.eus\/eu\/blog\/lucas-eguibar-finaliza-septimo-en-la-prueba-de-boardercross-de-los-jj-oo-de-sochi-2014\/","title":{"rendered":"Zazpigarren postuan amaitu du Lucas Eguibarrek Sochiko Jokoetako boardercross proba"},"content":{"rendered":"\n<p>El diploma obtenido por el donostiarra supone la mejor actuaci\u00f3n de un deportista vasco en unos JJ.OO de invierno<\/p>\n\n\n\n<p>Martes, 18 de febrero de 2014.-Lucas Eguibar ha logrado el diploma ol\u00edmpico al quedar s\u00e9ptimo en la competici\u00f3n de Snowboard Cross (SBX) celebrada esta ma\u00f1ana en las instalaciones del Parque Extremo Rosa Khutor, en las que el franc\u00e9s Pierre Vaultier se ha proclamado campe\u00f3n ol\u00edmpico. El guipuzcoano fue el ganador de la final de consolaci\u00f3n despu\u00e9s de haberse ca\u00eddo en la semifinal por un choque con el canadiense Kevin Hill.<\/p>\n\n\n\n<p>Eguibar, sensiblemente emocionado con el diploma, ha recordado a su hermano Nicol\u00e1s, que se recupera del accidente de moto que le dej\u00f3 en coma. \u201cSe lo he dedicado a \u00e9l y a toda mi familia. Todo por lo que hemos pasado ha sido muy duro para todos, as\u00ed que esta ma\u00f1ana, aunque me dol\u00eda el tal\u00f3n, he pensado que \u00e9sta era una ocasi\u00f3n que s\u00f3lo se da cada cuatro a\u00f1os y me he tirado al barro\u201d, ha explicado.<\/p>\n\n\n\n<p>El deportista, de tan s\u00f3lo 20 a\u00f1os, se convierte con este s\u00e9ptimo puesto en el deportista vasco con mejor palmar\u00e9s en unos juegos de invierno (superando a la esquiadora Ainhoa Ibarra y al snowboarder Iker Fern\u00e1ndez) y se alza como una de las grandes promesas del deporte espa\u00f1ol de invierno y espera que gracias a su actuaci\u00f3n de hoy \u201cm\u00e1s gente se fije en lo que estamos haciendo\u201d. Los otros dos integrantes del equipo espa\u00f1ol en esta competici\u00f3n han sido eliminados en cuartos (el ceut\u00ed Regino Hern\u00e1ndez) y octavos, el c\u00e1ntabro Laro Herrero.<\/p>\n\n\n\n<p>En 2012\/2013, su primera temporada en categor\u00eda senior, Lucas Eguibar (Donostia, 09\/02\/1994) obtuvo destacados resultados en la Copa del Mundo (6\u00ba en Sierra Nevada y 3\u00ba en Arosa, Suiza). En 2012 se proclam\u00f3 tambi\u00e9n Campe\u00f3n del Mundo junior en Erzurum (Turqu\u00eda), y en su trayectoria destacan tambi\u00e9n varias victorias en la Europa Cup.<\/p>\n","protected":false},"excerpt":{"rendered":"<p>El diploma obtenido por el donostiarra supone la mejor actuaci\u00f3n de un deportista vasco en unos JJ.OO de invierno Martes, [&hellip;]<\/p>\n","protected":false},"author":5,"featured_media":8139,"comment_status":"open","ping_status":"open","sticky":false,"template":"","format":"standard","meta":{"_acf_changed":false,"inline_featured_image":false,"footnotes":""},"categories":[2],"tags":[],"class_list":["post-8175","post","type-post","status-publish","format-standard","has-post-thumbnail","hentry","category-kategoriarik-gabe"],"acf":[],"yoast_head":"<!-- This site is optimized with the Yoast SEO plugin v27.3 - https:\/\/yoast.com\/product\/yoast-seo-wordpress\/ -->\n<title>Zazpigarren postuan amaitu du Lucas Eguibarrek Sochiko Jokoetako boardercross proba - basqueteam<\/title>\n<meta name=\"robots\" content=\"index, follow, max-snippet:-1, max-image-preview:large, max-video-preview:-1\" \/>\n<link rel=\"canonical\" href=\"https:\/\/basqueteam.eus\/eu\/blog\/lucas-eguibar-finaliza-septimo-en-la-prueba-de-boardercross-de-los-jj-oo-de-sochi-2014\/\" \/>\n<meta property=\"og:locale\" content=\"eu_ES\" \/>\n<meta property=\"og:type\" content=\"article\" \/>\n<meta property=\"og:title\" content=\"Zazpigarren postuan amaitu du Lucas Eguibarrek Sochiko Jokoetako boardercross proba - basqueteam\" \/>\n<meta property=\"og:description\" content=\"El diploma obtenido por el donostiarra supone la mejor actuaci\u00f3n de un deportista vasco en unos JJ.OO de invierno Martes, [&hellip;]\" \/>\n<meta property=\"og:url\" content=\"https:\/\/basqueteam.eus\/eu\/blog\/lucas-eguibar-finaliza-septimo-en-la-prueba-de-boardercross-de-los-jj-oo-de-sochi-2014\/\" \/>\n<meta property=\"og:site_name\" content=\"basqueteam\" \/>\n<meta property=\"article:published_time\" content=\"2014-02-18T09:41:00+00:00\" \/>\n<meta property=\"article:modified_time\" content=\"2022-08-09T08:47:09+00:00\" \/>\n<meta property=\"og:image\" content=\"https:\/\/basqueteam.eus\/wp-content\/uploads\/2022\/08\/luicaseguibar-septimosochi.jpg\" \/>\n\t<meta property=\"og:image:width\" content=\"1200\" \/>\n\t<meta property=\"og:image:height\" content=\"1600\" \/>\n\t<meta property=\"og:image:type\" content=\"image\/jpeg\" \/>\n<meta name=\"author\" content=\"woko-basqueteam\" \/>\n<meta name=\"twitter:card\" content=\"summary_large_image\" \/>\n<meta name=\"twitter:creator\" content=\"@woko\" \/>\n<script type=\"application\/ld+json\" class=\"yoast-schema-graph\">{\"@context\":\"https:\\\/\\\/schema.org\",\"@graph\":[{\"@type\":\"Article\",\"@id\":\"https:\\\/\\\/basqueteam.eus\\\/eu\\\/blog\\\/lucas-eguibar-finaliza-septimo-en-la-prueba-de-boardercross-de-los-jj-oo-de-sochi-2014\\\/#article\",\"isPartOf\":{\"@id\":\"https:\\\/\\\/basqueteam.eus\\\/eu\\\/blog\\\/lucas-eguibar-finaliza-septimo-en-la-prueba-de-boardercross-de-los-jj-oo-de-sochi-2014\\\/\"},\"author\":{\"name\":\"woko-basqueteam\",\"@id\":\"https:\\\/\\\/basqueteam.eus\\\/eu\\\/#\\\/schema\\\/person\\\/0e8938a950bbf7f85c32e97e55dc011e\"},\"headline\":\"Zazpigarren postuan amaitu du Lucas Eguibarrek Sochiko Jokoetako boardercross proba\",\"datePublished\":\"2014-02-18T09:41:00+00:00\",\"dateModified\":\"2022-08-09T08:47:09+00:00\",\"mainEntityOfPage\":{\"@id\":\"https:\\\/\\\/basqueteam.eus\\\/eu\\\/blog\\\/lucas-eguibar-finaliza-septimo-en-la-prueba-de-boardercross-de-los-jj-oo-de-sochi-2014\\\/\"},\"wordCount\":352,\"commentCount\":0,\"publisher\":{\"@id\":\"https:\\\/\\\/basqueteam.eus\\\/eu\\\/#organization\"},\"image\":{\"@id\":\"https:\\\/\\\/basqueteam.eus\\\/eu\\\/blog\\\/lucas-eguibar-finaliza-septimo-en-la-prueba-de-boardercross-de-los-jj-oo-de-sochi-2014\\\/#primaryimage\"},\"thumbnailUrl\":\"https:\\\/\\\/basqueteam.eus\\\/wp-content\\\/uploads\\\/2022\\\/08\\\/luicaseguibar-septimosochi.jpg\",\"articleSection\":[\"Kategoriarik gabe\"],\"inLanguage\":\"eu-ES\",\"potentialAction\":[{\"@type\":\"CommentAction\",\"name\":\"Comment\",\"target\":[\"https:\\\/\\\/basqueteam.eus\\\/eu\\\/blog\\\/lucas-eguibar-finaliza-septimo-en-la-prueba-de-boardercross-de-los-jj-oo-de-sochi-2014\\\/#respond\"]}]},{\"@type\":\"WebPage\",\"@id\":\"https:\\\/\\\/basqueteam.eus\\\/eu\\\/blog\\\/lucas-eguibar-finaliza-septimo-en-la-prueba-de-boardercross-de-los-jj-oo-de-sochi-2014\\\/\",\"url\":\"https:\\\/\\\/basqueteam.eus\\\/eu\\\/blog\\\/lucas-eguibar-finaliza-septimo-en-la-prueba-de-boardercross-de-los-jj-oo-de-sochi-2014\\\/\",\"name\":\"Zazpigarren postuan amaitu du Lucas Eguibarrek Sochiko Jokoetako boardercross proba - basqueteam\",\"isPartOf\":{\"@id\":\"https:\\\/\\\/basqueteam.eus\\\/eu\\\/#website\"},\"primaryImageOfPage\":{\"@id\":\"https:\\\/\\\/basqueteam.eus\\\/eu\\\/blog\\\/lucas-eguibar-finaliza-septimo-en-la-prueba-de-boardercross-de-los-jj-oo-de-sochi-2014\\\/#primaryimage\"},\"image\":{\"@id\":\"https:\\\/\\\/basqueteam.eus\\\/eu\\\/blog\\\/lucas-eguibar-finaliza-septimo-en-la-prueba-de-boardercross-de-los-jj-oo-de-sochi-2014\\\/#primaryimage\"},\"thumbnailUrl\":\"https:\\\/\\\/basqueteam.eus\\\/wp-content\\\/uploads\\\/2022\\\/08\\\/luicaseguibar-septimosochi.jpg\",\"datePublished\":\"2014-02-18T09:41:00+00:00\",\"dateModified\":\"2022-08-09T08:47:09+00:00\",\"breadcrumb\":{\"@id\":\"https:\\\/\\\/basqueteam.eus\\\/eu\\\/blog\\\/lucas-eguibar-finaliza-septimo-en-la-prueba-de-boardercross-de-los-jj-oo-de-sochi-2014\\\/#breadcrumb\"},\"inLanguage\":\"eu-ES\",\"potentialAction\":[{\"@type\":\"ReadAction\",\"target\":[\"https:\\\/\\\/basqueteam.eus\\\/eu\\\/blog\\\/lucas-eguibar-finaliza-septimo-en-la-prueba-de-boardercross-de-los-jj-oo-de-sochi-2014\\\/\"]}]},{\"@type\":\"ImageObject\",\"inLanguage\":\"eu-ES\",\"@id\":\"https:\\\/\\\/basqueteam.eus\\\/eu\\\/blog\\\/lucas-eguibar-finaliza-septimo-en-la-prueba-de-boardercross-de-los-jj-oo-de-sochi-2014\\\/#primaryimage\",\"url\":\"https:\\\/\\\/basqueteam.eus\\\/wp-content\\\/uploads\\\/2022\\\/08\\\/luicaseguibar-septimosochi.jpg\",\"contentUrl\":\"https:\\\/\\\/basqueteam.eus\\\/wp-content\\\/uploads\\\/2022\\\/08\\\/luicaseguibar-septimosochi.jpg\",\"width\":1200,\"height\":1600},{\"@type\":\"BreadcrumbList\",\"@id\":\"https:\\\/\\\/basqueteam.eus\\\/eu\\\/blog\\\/lucas-eguibar-finaliza-septimo-en-la-prueba-de-boardercross-de-los-jj-oo-de-sochi-2014\\\/#breadcrumb\",\"itemListElement\":[{\"@type\":\"ListItem\",\"position\":1,\"name\":\"Portada\",\"item\":\"https:\\\/\\\/basqueteam.eus\\\/eu\\\/\"},{\"@type\":\"ListItem\",\"position\":2,\"name\":\"Zazpigarren postuan amaitu du Lucas Eguibarrek Sochiko Jokoetako boardercross proba\"}]},{\"@type\":\"WebSite\",\"@id\":\"https:\\\/\\\/basqueteam.eus\\\/eu\\\/#website\",\"url\":\"https:\\\/\\\/basqueteam.eus\\\/eu\\\/\",\"name\":\"basqueteam\",\"description\":\"Goi Mailako Euskal kirola babesteko eratu den fundazioa da.\",\"publisher\":{\"@id\":\"https:\\\/\\\/basqueteam.eus\\\/eu\\\/#organization\"},\"potentialAction\":[{\"@type\":\"SearchAction\",\"target\":{\"@type\":\"EntryPoint\",\"urlTemplate\":\"https:\\\/\\\/basqueteam.eus\\\/eu\\\/?s={search_term_string}\"},\"query-input\":{\"@type\":\"PropertyValueSpecification\",\"valueRequired\":true,\"valueName\":\"search_term_string\"}}],\"inLanguage\":\"eu-ES\"},{\"@type\":\"Organization\",\"@id\":\"https:\\\/\\\/basqueteam.eus\\\/eu\\\/#organization\",\"name\":\"Basqueteam\",\"url\":\"https:\\\/\\\/basqueteam.eus\\\/eu\\\/\",\"logo\":{\"@type\":\"ImageObject\",\"inLanguage\":\"eu-ES\",\"@id\":\"https:\\\/\\\/basqueteam.eus\\\/eu\\\/#\\\/schema\\\/logo\\\/image\\\/\",\"url\":\"https:\\\/\\\/basqueteam.eus\\\/wp-content\\\/uploads\\\/2022\\\/09\\\/basque-team-logo-positivo.svg\",\"contentUrl\":\"https:\\\/\\\/basqueteam.eus\\\/wp-content\\\/uploads\\\/2022\\\/09\\\/basque-team-logo-positivo.svg\",\"width\":\"1024\",\"height\":\"1024\",\"caption\":\"Basqueteam\"},\"image\":{\"@id\":\"https:\\\/\\\/basqueteam.eus\\\/eu\\\/#\\\/schema\\\/logo\\\/image\\\/\"}},{\"@type\":\"Person\",\"@id\":\"https:\\\/\\\/basqueteam.eus\\\/eu\\\/#\\\/schema\\\/person\\\/0e8938a950bbf7f85c32e97e55dc011e\",\"name\":\"woko-basqueteam\",\"image\":{\"@type\":\"ImageObject\",\"inLanguage\":\"eu-ES\",\"@id\":\"https:\\\/\\\/secure.gravatar.com\\\/avatar\\\/ed80c52e552a422e5b1f3f89a7bc59e06998c3a23fd4bf594bec65e3b8f0e744?s=96&d=mm&r=g\",\"url\":\"https:\\\/\\\/secure.gravatar.com\\\/avatar\\\/ed80c52e552a422e5b1f3f89a7bc59e06998c3a23fd4bf594bec65e3b8f0e744?s=96&d=mm&r=g\",\"contentUrl\":\"https:\\\/\\\/secure.gravatar.com\\\/avatar\\\/ed80c52e552a422e5b1f3f89a7bc59e06998c3a23fd4bf594bec65e3b8f0e744?s=96&d=mm&r=g\",\"caption\":\"woko-basqueteam\"},\"sameAs\":[\"https:\\\/\\\/x.com\\\/woko\"]}]}<\/script>\n<!-- \/ Yoast SEO plugin. -->","yoast_head_json":{"title":"Zazpigarren postuan amaitu du Lucas Eguibarrek Sochiko Jokoetako boardercross proba - basqueteam","robots":{"index":"index","follow":"follow","max-snippet":"max-snippet:-1","max-image-preview":"max-image-preview:large","max-video-preview":"max-video-preview:-1"},"canonical":"https:\/\/basqueteam.eus\/eu\/blog\/lucas-eguibar-finaliza-septimo-en-la-prueba-de-boardercross-de-los-jj-oo-de-sochi-2014\/","og_locale":"eu_ES","og_type":"article","og_title":"Zazpigarren postuan amaitu du Lucas Eguibarrek Sochiko Jokoetako boardercross proba - basqueteam","og_description":"El diploma obtenido por el donostiarra supone la mejor actuaci\u00f3n de un deportista vasco en unos JJ.OO de invierno Martes, [&hellip;]","og_url":"https:\/\/basqueteam.eus\/eu\/blog\/lucas-eguibar-finaliza-septimo-en-la-prueba-de-boardercross-de-los-jj-oo-de-sochi-2014\/","og_site_name":"basqueteam","article_published_time":"2014-02-18T09:41:00+00:00","article_modified_time":"2022-08-09T08:47:09+00:00","og_image":[{"width":1200,"height":1600,"url":"https:\/\/basqueteam.eus\/wp-content\/uploads\/2022\/08\/luicaseguibar-septimosochi.jpg","type":"image\/jpeg"}],"author":"woko-basqueteam","twitter_card":"summary_large_image","twitter_creator":"@woko","schema":{"@context":"https:\/\/schema.org","@graph":[{"@type":"Article","@id":"https:\/\/basqueteam.eus\/eu\/blog\/lucas-eguibar-finaliza-septimo-en-la-prueba-de-boardercross-de-los-jj-oo-de-sochi-2014\/#article","isPartOf":{"@id":"https:\/\/basqueteam.eus\/eu\/blog\/lucas-eguibar-finaliza-septimo-en-la-prueba-de-boardercross-de-los-jj-oo-de-sochi-2014\/"},"author":{"name":"woko-basqueteam","@id":"https:\/\/basqueteam.eus\/eu\/#\/schema\/person\/0e8938a950bbf7f85c32e97e55dc011e"},"headline":"Zazpigarren postuan amaitu du Lucas Eguibarrek Sochiko Jokoetako boardercross proba","datePublished":"2014-02-18T09:41:00+00:00","dateModified":"2022-08-09T08:47:09+00:00","mainEntityOfPage":{"@id":"https:\/\/basqueteam.eus\/eu\/blog\/lucas-eguibar-finaliza-septimo-en-la-prueba-de-boardercross-de-los-jj-oo-de-sochi-2014\/"},"wordCount":352,"commentCount":0,"publisher":{"@id":"https:\/\/basqueteam.eus\/eu\/#organization"},"image":{"@id":"https:\/\/basqueteam.eus\/eu\/blog\/lucas-eguibar-finaliza-septimo-en-la-prueba-de-boardercross-de-los-jj-oo-de-sochi-2014\/#primaryimage"},"thumbnailUrl":"https:\/\/basqueteam.eus\/wp-content\/uploads\/2022\/08\/luicaseguibar-septimosochi.jpg","articleSection":["Kategoriarik gabe"],"inLanguage":"eu-ES","potentialAction":[{"@type":"CommentAction","name":"Comment","target":["https:\/\/basqueteam.eus\/eu\/blog\/lucas-eguibar-finaliza-septimo-en-la-prueba-de-boardercross-de-los-jj-oo-de-sochi-2014\/#respond"]}]},{"@type":"WebPage","@id":"https:\/\/basqueteam.eus\/eu\/blog\/lucas-eguibar-finaliza-septimo-en-la-prueba-de-boardercross-de-los-jj-oo-de-sochi-2014\/","url":"https:\/\/basqueteam.eus\/eu\/blog\/lucas-eguibar-finaliza-septimo-en-la-prueba-de-boardercross-de-los-jj-oo-de-sochi-2014\/","name":"Zazpigarren postuan amaitu du Lucas Eguibarrek Sochiko Jokoetako boardercross proba - basqueteam","isPartOf":{"@id":"https:\/\/basqueteam.eus\/eu\/#website"},"primaryImageOfPage":{"@id":"https:\/\/basqueteam.eus\/eu\/blog\/lucas-eguibar-finaliza-septimo-en-la-prueba-de-boardercross-de-los-jj-oo-de-sochi-2014\/#primaryimage"},"image":{"@id":"https:\/\/basqueteam.eus\/eu\/blog\/lucas-eguibar-finaliza-septimo-en-la-prueba-de-boardercross-de-los-jj-oo-de-sochi-2014\/#primaryimage"},"thumbnailUrl":"https:\/\/basqueteam.eus\/wp-content\/uploads\/2022\/08\/luicaseguibar-septimosochi.jpg","datePublished":"2014-02-18T09:41:00+00:00","dateModified":"2022-08-09T08:47:09+00:00","breadcrumb":{"@id":"https:\/\/basqueteam.eus\/eu\/blog\/lucas-eguibar-finaliza-septimo-en-la-prueba-de-boardercross-de-los-jj-oo-de-sochi-2014\/#breadcrumb"},"inLanguage":"eu-ES","potentialAction":[{"@type":"ReadAction","target":["https:\/\/basqueteam.eus\/eu\/blog\/lucas-eguibar-finaliza-septimo-en-la-prueba-de-boardercross-de-los-jj-oo-de-sochi-2014\/"]}]},{"@type":"ImageObject","inLanguage":"eu-ES","@id":"https:\/\/basqueteam.eus\/eu\/blog\/lucas-eguibar-finaliza-septimo-en-la-prueba-de-boardercross-de-los-jj-oo-de-sochi-2014\/#primaryimage","url":"https:\/\/basqueteam.eus\/wp-content\/uploads\/2022\/08\/luicaseguibar-septimosochi.jpg","contentUrl":"https:\/\/basqueteam.eus\/wp-content\/uploads\/2022\/08\/luicaseguibar-septimosochi.jpg","width":1200,"height":1600},{"@type":"BreadcrumbList","@id":"https:\/\/basqueteam.eus\/eu\/blog\/lucas-eguibar-finaliza-septimo-en-la-prueba-de-boardercross-de-los-jj-oo-de-sochi-2014\/#breadcrumb","itemListElement":[{"@type":"ListItem","position":1,"name":"Portada","item":"https:\/\/basqueteam.eus\/eu\/"},{"@type":"ListItem","position":2,"name":"Zazpigarren postuan amaitu du Lucas Eguibarrek Sochiko Jokoetako boardercross proba"}]},{"@type":"WebSite","@id":"https:\/\/basqueteam.eus\/eu\/#website","url":"https:\/\/basqueteam.eus\/eu\/","name":"basqueteam","description":"Goi Mailako Euskal kirola babesteko eratu den fundazioa da.","publisher":{"@id":"https:\/\/basqueteam.eus\/eu\/#organization"},"potentialAction":[{"@type":"SearchAction","target":{"@type":"EntryPoint","urlTemplate":"https:\/\/basqueteam.eus\/eu\/?s={search_term_string}"},"query-input":{"@type":"PropertyValueSpecification","valueRequired":true,"valueName":"search_term_string"}}],"inLanguage":"eu-ES"},{"@type":"Organization","@id":"https:\/\/basqueteam.eus\/eu\/#organization","name":"Basqueteam","url":"https:\/\/basqueteam.eus\/eu\/","logo":{"@type":"ImageObject","inLanguage":"eu-ES","@id":"https:\/\/basqueteam.eus\/eu\/#\/schema\/logo\/image\/","url":"https:\/\/basqueteam.eus\/wp-content\/uploads\/2022\/09\/basque-team-logo-positivo.svg","contentUrl":"https:\/\/basqueteam.eus\/wp-content\/uploads\/2022\/09\/basque-team-logo-positivo.svg","width":"1024","height":"1024","caption":"Basqueteam"},"image":{"@id":"https:\/\/basqueteam.eus\/eu\/#\/schema\/logo\/image\/"}},{"@type":"Person","@id":"https:\/\/basqueteam.eus\/eu\/#\/schema\/person\/0e8938a950bbf7f85c32e97e55dc011e","name":"woko-basqueteam","image":{"@type":"ImageObject","inLanguage":"eu-ES","@id":"https:\/\/secure.gravatar.com\/avatar\/ed80c52e552a422e5b1f3f89a7bc59e06998c3a23fd4bf594bec65e3b8f0e744?s=96&d=mm&r=g","url":"https:\/\/secure.gravatar.com\/avatar\/ed80c52e552a422e5b1f3f89a7bc59e06998c3a23fd4bf594bec65e3b8f0e744?s=96&d=mm&r=g","contentUrl":"https:\/\/secure.gravatar.com\/avatar\/ed80c52e552a422e5b1f3f89a7bc59e06998c3a23fd4bf594bec65e3b8f0e744?s=96&d=mm&r=g","caption":"woko-basqueteam"},"sameAs":["https:\/\/x.com\/woko"]}]}},"_links":{"self":[{"href":"https:\/\/basqueteam.eus\/eu\/wp-json\/wp\/v2\/posts\/8175","targetHints":{"allow":["GET"]}}],"collection":[{"href":"https:\/\/basqueteam.eus\/eu\/wp-json\/wp\/v2\/posts"}],"about":[{"href":"https:\/\/basqueteam.eus\/eu\/wp-json\/wp\/v2\/types\/post"}],"author":[{"embeddable":true,"href":"https:\/\/basqueteam.eus\/eu\/wp-json\/wp\/v2\/users\/5"}],"replies":[{"embeddable":true,"href":"https:\/\/basqueteam.eus\/eu\/wp-json\/wp\/v2\/comments?post=8175"}],"version-history":[{"count":1,"href":"https:\/\/basqueteam.eus\/eu\/wp-json\/wp\/v2\/posts\/8175\/revisions"}],"predecessor-version":[{"id":8176,"href":"https:\/\/basqueteam.eus\/eu\/wp-json\/wp\/v2\/posts\/8175\/revisions\/8176"}],"wp:featuredmedia":[{"embeddable":true,"href":"https:\/\/basqueteam.eus\/eu\/wp-json\/wp\/v2\/media\/8139"}],"wp:attachment":[{"href":"https:\/\/basqueteam.eus\/eu\/wp-json\/wp\/v2\/media?parent=8175"}],"wp:term":[{"taxonomy":"category","embeddable":true,"href":"https:\/\/basqueteam.eus\/eu\/wp-json\/wp\/v2\/categories?post=8175"},{"taxonomy":"post_tag","embeddable":true,"href":"https:\/\/basqueteam.eus\/eu\/wp-json\/wp\/v2\/tags?post=8175"}],"curies":[{"name":"wp","href":"https:\/\/api.w.org\/{rel}","templated":true}]}}