{"id":7958,"date":"2015-11-12T18:19:00","date_gmt":"2015-11-12T17:19:00","guid":{"rendered":"https:\/\/basqueteam.eus\/?p=7958"},"modified":"2022-08-06T18:22:08","modified_gmt":"2022-08-06T16:22:08","slug":"eli-pinedo-y-ana-temprano-en-la-preseleccion-del-mundial","status":"publish","type":"post","link":"https:\/\/basqueteam.eus\/eu\/blog\/eli-pinedo-y-ana-temprano-en-la-preseleccion-del-mundial\/","title":{"rendered":"Eli Pinedo eta Ana Temprano Munduko Txapelketa atarian"},"content":{"rendered":"\n<p>Bera Bera eskubaloi taldeko Eli Pinedo eta Ana Temprano Espainiako selekzioko deialdian sartu dituzte Torneo Internacional Espa\u00f1a txapelketan jokatzeko (azaroak 27-29). Basque Teamek babesten duen taldea da Bera Bera, eta bi jokalariok norbanako moduan ere babesten ditu. 18 jokalarik osatutako deialdi horretatik hestekatuko da Danimarkan jokatuko den Munduko Txapelketarako azken 16ko zerrenda; abenduaren 5etik 20ra bitartean jokatuko da hura. Hauxe Pinedo eta Temprano tarteko direneko zerrenda: Silvia Navarro (Rocasa Gran Canaria ACE), Darly Zoqbi (Fleury Loiret) eta <strong>Ana Temprano (Bera Bera)<\/strong> atezainak; Macarena Aguilar (Si\u00f3fok KC) zentrala; Nely Carla Alberto (Mios Biganos), Beatriz Fern\u00e1ndez (Fleury Loiret), Marta Mangu\u00e9 (Brest Bretagne HB), Nerea Pena (FTC Rail Cargo), Lara Gonz\u00e1lez (Si\u00f3fok KC), Patricia Elorza (ES Besan\u00e7on) eta Alexandrina Barbosa (Fleury Loiret) lateralak; Marta L\u00f3pez (Fleury Loiret) eta Carmen Mart\u00edn (CSM Bucaresti) eskuin hegalak; <strong>Eli Pinedo (Bera Bera)<\/strong> eta Naiara Egozkue (Mecalia Atl\u00e9tico Guard\u00e9s) ezker hegalak; Mar\u00eda N\u00fa\u00f1ez (ES Besan\u00e7on), Eli Ch\u00e1vez (Fleury Loiret) eta Ainhoa Hern\u00e1ndez (Prosetecnisa Zuazo) euskarriak.<br><strong>Bera Berak<\/strong>, datorren igandean, hilak 15, EHF Kopako 3. errondako joanekoa dauka Eslovakian Michalovce taldearen aurka (itzulera azaroaren 22an Donostian).<\/p>\n","protected":false},"excerpt":{"rendered":"<p>Bera Bera eskubaloi taldeko Eli Pinedo eta Ana Temprano Espainiako selekzioko deialdian sartu dituzte Torneo Internacional Espa\u00f1a txapelketan jokatzeko (azaroak [&hellip;]<\/p>\n","protected":false},"author":5,"featured_media":7876,"comment_status":"open","ping_status":"open","sticky":false,"template":"","format":"standard","meta":{"_acf_changed":false,"inline_featured_image":false,"footnotes":""},"categories":[2],"tags":[],"class_list":["post-7958","post","type-post","status-publish","format-standard","has-post-thumbnail","hentry","category-kategoriarik-gabe"],"acf":[],"yoast_head":"<!-- This site is optimized with the Yoast SEO plugin v27.3 - https:\/\/yoast.com\/product\/yoast-seo-wordpress\/ -->\n<title>Eli Pinedo eta Ana Temprano Munduko Txapelketa atarian - basqueteam<\/title>\n<meta name=\"robots\" content=\"index, follow, max-snippet:-1, max-image-preview:large, max-video-preview:-1\" \/>\n<link rel=\"canonical\" href=\"https:\/\/basqueteam.eus\/eu\/blog\/eli-pinedo-y-ana-temprano-en-la-preseleccion-del-mundial\/\" \/>\n<meta property=\"og:locale\" content=\"eu_ES\" \/>\n<meta property=\"og:type\" content=\"article\" \/>\n<meta property=\"og:title\" content=\"Eli Pinedo eta Ana Temprano Munduko Txapelketa atarian - basqueteam\" \/>\n<meta property=\"og:description\" content=\"Bera Bera eskubaloi taldeko Eli Pinedo eta Ana Temprano Espainiako selekzioko deialdian sartu dituzte Torneo Internacional Espa\u00f1a txapelketan jokatzeko (azaroak [&hellip;]\" \/>\n<meta property=\"og:url\" content=\"https:\/\/basqueteam.eus\/eu\/blog\/eli-pinedo-y-ana-temprano-en-la-preseleccion-del-mundial\/\" \/>\n<meta property=\"og:site_name\" content=\"basqueteam\" \/>\n<meta property=\"article:published_time\" content=\"2015-11-12T17:19:00+00:00\" \/>\n<meta property=\"article:modified_time\" content=\"2022-08-06T16:22:08+00:00\" \/>\n<meta property=\"og:image\" content=\"https:\/\/basqueteam.eus\/wp-content\/uploads\/2022\/08\/elipinedoanatemprano-preseleccion.jpg\" \/>\n\t<meta property=\"og:image:width\" content=\"2448\" \/>\n\t<meta property=\"og:image:height\" content=\"2448\" \/>\n\t<meta property=\"og:image:type\" content=\"image\/jpeg\" \/>\n<meta name=\"author\" content=\"woko-basqueteam\" \/>\n<meta name=\"twitter:card\" content=\"summary_large_image\" \/>\n<meta name=\"twitter:creator\" content=\"@woko\" \/>\n<script type=\"application\/ld+json\" class=\"yoast-schema-graph\">{\"@context\":\"https:\\\/\\\/schema.org\",\"@graph\":[{\"@type\":\"Article\",\"@id\":\"https:\\\/\\\/basqueteam.eus\\\/eu\\\/blog\\\/eli-pinedo-y-ana-temprano-en-la-preseleccion-del-mundial\\\/#article\",\"isPartOf\":{\"@id\":\"https:\\\/\\\/basqueteam.eus\\\/eu\\\/blog\\\/eli-pinedo-y-ana-temprano-en-la-preseleccion-del-mundial\\\/\"},\"author\":{\"name\":\"woko-basqueteam\",\"@id\":\"https:\\\/\\\/basqueteam.eus\\\/eu\\\/#\\\/schema\\\/person\\\/0e8938a950bbf7f85c32e97e55dc011e\"},\"headline\":\"Eli Pinedo eta Ana Temprano Munduko Txapelketa atarian\",\"datePublished\":\"2015-11-12T17:19:00+00:00\",\"dateModified\":\"2022-08-06T16:22:08+00:00\",\"mainEntityOfPage\":{\"@id\":\"https:\\\/\\\/basqueteam.eus\\\/eu\\\/blog\\\/eli-pinedo-y-ana-temprano-en-la-preseleccion-del-mundial\\\/\"},\"wordCount\":197,\"commentCount\":0,\"publisher\":{\"@id\":\"https:\\\/\\\/basqueteam.eus\\\/eu\\\/#organization\"},\"image\":{\"@id\":\"https:\\\/\\\/basqueteam.eus\\\/eu\\\/blog\\\/eli-pinedo-y-ana-temprano-en-la-preseleccion-del-mundial\\\/#primaryimage\"},\"thumbnailUrl\":\"https:\\\/\\\/basqueteam.eus\\\/wp-content\\\/uploads\\\/2022\\\/08\\\/elipinedoanatemprano-preseleccion.jpg\",\"articleSection\":[\"Kategoriarik gabe\"],\"inLanguage\":\"eu-ES\",\"potentialAction\":[{\"@type\":\"CommentAction\",\"name\":\"Comment\",\"target\":[\"https:\\\/\\\/basqueteam.eus\\\/eu\\\/blog\\\/eli-pinedo-y-ana-temprano-en-la-preseleccion-del-mundial\\\/#respond\"]}]},{\"@type\":\"WebPage\",\"@id\":\"https:\\\/\\\/basqueteam.eus\\\/eu\\\/blog\\\/eli-pinedo-y-ana-temprano-en-la-preseleccion-del-mundial\\\/\",\"url\":\"https:\\\/\\\/basqueteam.eus\\\/eu\\\/blog\\\/eli-pinedo-y-ana-temprano-en-la-preseleccion-del-mundial\\\/\",\"name\":\"Eli Pinedo eta Ana Temprano Munduko Txapelketa atarian - basqueteam\",\"isPartOf\":{\"@id\":\"https:\\\/\\\/basqueteam.eus\\\/eu\\\/#website\"},\"primaryImageOfPage\":{\"@id\":\"https:\\\/\\\/basqueteam.eus\\\/eu\\\/blog\\\/eli-pinedo-y-ana-temprano-en-la-preseleccion-del-mundial\\\/#primaryimage\"},\"image\":{\"@id\":\"https:\\\/\\\/basqueteam.eus\\\/eu\\\/blog\\\/eli-pinedo-y-ana-temprano-en-la-preseleccion-del-mundial\\\/#primaryimage\"},\"thumbnailUrl\":\"https:\\\/\\\/basqueteam.eus\\\/wp-content\\\/uploads\\\/2022\\\/08\\\/elipinedoanatemprano-preseleccion.jpg\",\"datePublished\":\"2015-11-12T17:19:00+00:00\",\"dateModified\":\"2022-08-06T16:22:08+00:00\",\"breadcrumb\":{\"@id\":\"https:\\\/\\\/basqueteam.eus\\\/eu\\\/blog\\\/eli-pinedo-y-ana-temprano-en-la-preseleccion-del-mundial\\\/#breadcrumb\"},\"inLanguage\":\"eu-ES\",\"potentialAction\":[{\"@type\":\"ReadAction\",\"target\":[\"https:\\\/\\\/basqueteam.eus\\\/eu\\\/blog\\\/eli-pinedo-y-ana-temprano-en-la-preseleccion-del-mundial\\\/\"]}]},{\"@type\":\"ImageObject\",\"inLanguage\":\"eu-ES\",\"@id\":\"https:\\\/\\\/basqueteam.eus\\\/eu\\\/blog\\\/eli-pinedo-y-ana-temprano-en-la-preseleccion-del-mundial\\\/#primaryimage\",\"url\":\"https:\\\/\\\/basqueteam.eus\\\/wp-content\\\/uploads\\\/2022\\\/08\\\/elipinedoanatemprano-preseleccion.jpg\",\"contentUrl\":\"https:\\\/\\\/basqueteam.eus\\\/wp-content\\\/uploads\\\/2022\\\/08\\\/elipinedoanatemprano-preseleccion.jpg\",\"width\":2448,\"height\":2448},{\"@type\":\"BreadcrumbList\",\"@id\":\"https:\\\/\\\/basqueteam.eus\\\/eu\\\/blog\\\/eli-pinedo-y-ana-temprano-en-la-preseleccion-del-mundial\\\/#breadcrumb\",\"itemListElement\":[{\"@type\":\"ListItem\",\"position\":1,\"name\":\"Portada\",\"item\":\"https:\\\/\\\/basqueteam.eus\\\/eu\\\/\"},{\"@type\":\"ListItem\",\"position\":2,\"name\":\"Eli Pinedo eta Ana Temprano Munduko Txapelketa atarian\"}]},{\"@type\":\"WebSite\",\"@id\":\"https:\\\/\\\/basqueteam.eus\\\/eu\\\/#website\",\"url\":\"https:\\\/\\\/basqueteam.eus\\\/eu\\\/\",\"name\":\"basqueteam\",\"description\":\"Goi Mailako Euskal kirola babesteko eratu den fundazioa da.\",\"publisher\":{\"@id\":\"https:\\\/\\\/basqueteam.eus\\\/eu\\\/#organization\"},\"potentialAction\":[{\"@type\":\"SearchAction\",\"target\":{\"@type\":\"EntryPoint\",\"urlTemplate\":\"https:\\\/\\\/basqueteam.eus\\\/eu\\\/?s={search_term_string}\"},\"query-input\":{\"@type\":\"PropertyValueSpecification\",\"valueRequired\":true,\"valueName\":\"search_term_string\"}}],\"inLanguage\":\"eu-ES\"},{\"@type\":\"Organization\",\"@id\":\"https:\\\/\\\/basqueteam.eus\\\/eu\\\/#organization\",\"name\":\"Basqueteam\",\"url\":\"https:\\\/\\\/basqueteam.eus\\\/eu\\\/\",\"logo\":{\"@type\":\"ImageObject\",\"inLanguage\":\"eu-ES\",\"@id\":\"https:\\\/\\\/basqueteam.eus\\\/eu\\\/#\\\/schema\\\/logo\\\/image\\\/\",\"url\":\"https:\\\/\\\/basqueteam.eus\\\/wp-content\\\/uploads\\\/2022\\\/09\\\/basque-team-logo-positivo.svg\",\"contentUrl\":\"https:\\\/\\\/basqueteam.eus\\\/wp-content\\\/uploads\\\/2022\\\/09\\\/basque-team-logo-positivo.svg\",\"width\":\"1024\",\"height\":\"1024\",\"caption\":\"Basqueteam\"},\"image\":{\"@id\":\"https:\\\/\\\/basqueteam.eus\\\/eu\\\/#\\\/schema\\\/logo\\\/image\\\/\"}},{\"@type\":\"Person\",\"@id\":\"https:\\\/\\\/basqueteam.eus\\\/eu\\\/#\\\/schema\\\/person\\\/0e8938a950bbf7f85c32e97e55dc011e\",\"name\":\"woko-basqueteam\",\"image\":{\"@type\":\"ImageObject\",\"inLanguage\":\"eu-ES\",\"@id\":\"https:\\\/\\\/secure.gravatar.com\\\/avatar\\\/ed80c52e552a422e5b1f3f89a7bc59e06998c3a23fd4bf594bec65e3b8f0e744?s=96&d=mm&r=g\",\"url\":\"https:\\\/\\\/secure.gravatar.com\\\/avatar\\\/ed80c52e552a422e5b1f3f89a7bc59e06998c3a23fd4bf594bec65e3b8f0e744?s=96&d=mm&r=g\",\"contentUrl\":\"https:\\\/\\\/secure.gravatar.com\\\/avatar\\\/ed80c52e552a422e5b1f3f89a7bc59e06998c3a23fd4bf594bec65e3b8f0e744?s=96&d=mm&r=g\",\"caption\":\"woko-basqueteam\"},\"sameAs\":[\"https:\\\/\\\/x.com\\\/woko\"]}]}<\/script>\n<!-- \/ Yoast SEO plugin. -->","yoast_head_json":{"title":"Eli Pinedo eta Ana Temprano Munduko Txapelketa atarian - basqueteam","robots":{"index":"index","follow":"follow","max-snippet":"max-snippet:-1","max-image-preview":"max-image-preview:large","max-video-preview":"max-video-preview:-1"},"canonical":"https:\/\/basqueteam.eus\/eu\/blog\/eli-pinedo-y-ana-temprano-en-la-preseleccion-del-mundial\/","og_locale":"eu_ES","og_type":"article","og_title":"Eli Pinedo eta Ana Temprano Munduko Txapelketa atarian - basqueteam","og_description":"Bera Bera eskubaloi taldeko Eli Pinedo eta Ana Temprano Espainiako selekzioko deialdian sartu dituzte Torneo Internacional Espa\u00f1a txapelketan jokatzeko (azaroak [&hellip;]","og_url":"https:\/\/basqueteam.eus\/eu\/blog\/eli-pinedo-y-ana-temprano-en-la-preseleccion-del-mundial\/","og_site_name":"basqueteam","article_published_time":"2015-11-12T17:19:00+00:00","article_modified_time":"2022-08-06T16:22:08+00:00","og_image":[{"width":2448,"height":2448,"url":"https:\/\/basqueteam.eus\/wp-content\/uploads\/2022\/08\/elipinedoanatemprano-preseleccion.jpg","type":"image\/jpeg"}],"author":"woko-basqueteam","twitter_card":"summary_large_image","twitter_creator":"@woko","schema":{"@context":"https:\/\/schema.org","@graph":[{"@type":"Article","@id":"https:\/\/basqueteam.eus\/eu\/blog\/eli-pinedo-y-ana-temprano-en-la-preseleccion-del-mundial\/#article","isPartOf":{"@id":"https:\/\/basqueteam.eus\/eu\/blog\/eli-pinedo-y-ana-temprano-en-la-preseleccion-del-mundial\/"},"author":{"name":"woko-basqueteam","@id":"https:\/\/basqueteam.eus\/eu\/#\/schema\/person\/0e8938a950bbf7f85c32e97e55dc011e"},"headline":"Eli Pinedo eta Ana Temprano Munduko Txapelketa atarian","datePublished":"2015-11-12T17:19:00+00:00","dateModified":"2022-08-06T16:22:08+00:00","mainEntityOfPage":{"@id":"https:\/\/basqueteam.eus\/eu\/blog\/eli-pinedo-y-ana-temprano-en-la-preseleccion-del-mundial\/"},"wordCount":197,"commentCount":0,"publisher":{"@id":"https:\/\/basqueteam.eus\/eu\/#organization"},"image":{"@id":"https:\/\/basqueteam.eus\/eu\/blog\/eli-pinedo-y-ana-temprano-en-la-preseleccion-del-mundial\/#primaryimage"},"thumbnailUrl":"https:\/\/basqueteam.eus\/wp-content\/uploads\/2022\/08\/elipinedoanatemprano-preseleccion.jpg","articleSection":["Kategoriarik gabe"],"inLanguage":"eu-ES","potentialAction":[{"@type":"CommentAction","name":"Comment","target":["https:\/\/basqueteam.eus\/eu\/blog\/eli-pinedo-y-ana-temprano-en-la-preseleccion-del-mundial\/#respond"]}]},{"@type":"WebPage","@id":"https:\/\/basqueteam.eus\/eu\/blog\/eli-pinedo-y-ana-temprano-en-la-preseleccion-del-mundial\/","url":"https:\/\/basqueteam.eus\/eu\/blog\/eli-pinedo-y-ana-temprano-en-la-preseleccion-del-mundial\/","name":"Eli Pinedo eta Ana Temprano Munduko Txapelketa atarian - basqueteam","isPartOf":{"@id":"https:\/\/basqueteam.eus\/eu\/#website"},"primaryImageOfPage":{"@id":"https:\/\/basqueteam.eus\/eu\/blog\/eli-pinedo-y-ana-temprano-en-la-preseleccion-del-mundial\/#primaryimage"},"image":{"@id":"https:\/\/basqueteam.eus\/eu\/blog\/eli-pinedo-y-ana-temprano-en-la-preseleccion-del-mundial\/#primaryimage"},"thumbnailUrl":"https:\/\/basqueteam.eus\/wp-content\/uploads\/2022\/08\/elipinedoanatemprano-preseleccion.jpg","datePublished":"2015-11-12T17:19:00+00:00","dateModified":"2022-08-06T16:22:08+00:00","breadcrumb":{"@id":"https:\/\/basqueteam.eus\/eu\/blog\/eli-pinedo-y-ana-temprano-en-la-preseleccion-del-mundial\/#breadcrumb"},"inLanguage":"eu-ES","potentialAction":[{"@type":"ReadAction","target":["https:\/\/basqueteam.eus\/eu\/blog\/eli-pinedo-y-ana-temprano-en-la-preseleccion-del-mundial\/"]}]},{"@type":"ImageObject","inLanguage":"eu-ES","@id":"https:\/\/basqueteam.eus\/eu\/blog\/eli-pinedo-y-ana-temprano-en-la-preseleccion-del-mundial\/#primaryimage","url":"https:\/\/basqueteam.eus\/wp-content\/uploads\/2022\/08\/elipinedoanatemprano-preseleccion.jpg","contentUrl":"https:\/\/basqueteam.eus\/wp-content\/uploads\/2022\/08\/elipinedoanatemprano-preseleccion.jpg","width":2448,"height":2448},{"@type":"BreadcrumbList","@id":"https:\/\/basqueteam.eus\/eu\/blog\/eli-pinedo-y-ana-temprano-en-la-preseleccion-del-mundial\/#breadcrumb","itemListElement":[{"@type":"ListItem","position":1,"name":"Portada","item":"https:\/\/basqueteam.eus\/eu\/"},{"@type":"ListItem","position":2,"name":"Eli Pinedo eta Ana Temprano Munduko Txapelketa atarian"}]},{"@type":"WebSite","@id":"https:\/\/basqueteam.eus\/eu\/#website","url":"https:\/\/basqueteam.eus\/eu\/","name":"basqueteam","description":"Goi Mailako Euskal kirola babesteko eratu den fundazioa da.","publisher":{"@id":"https:\/\/basqueteam.eus\/eu\/#organization"},"potentialAction":[{"@type":"SearchAction","target":{"@type":"EntryPoint","urlTemplate":"https:\/\/basqueteam.eus\/eu\/?s={search_term_string}"},"query-input":{"@type":"PropertyValueSpecification","valueRequired":true,"valueName":"search_term_string"}}],"inLanguage":"eu-ES"},{"@type":"Organization","@id":"https:\/\/basqueteam.eus\/eu\/#organization","name":"Basqueteam","url":"https:\/\/basqueteam.eus\/eu\/","logo":{"@type":"ImageObject","inLanguage":"eu-ES","@id":"https:\/\/basqueteam.eus\/eu\/#\/schema\/logo\/image\/","url":"https:\/\/basqueteam.eus\/wp-content\/uploads\/2022\/09\/basque-team-logo-positivo.svg","contentUrl":"https:\/\/basqueteam.eus\/wp-content\/uploads\/2022\/09\/basque-team-logo-positivo.svg","width":"1024","height":"1024","caption":"Basqueteam"},"image":{"@id":"https:\/\/basqueteam.eus\/eu\/#\/schema\/logo\/image\/"}},{"@type":"Person","@id":"https:\/\/basqueteam.eus\/eu\/#\/schema\/person\/0e8938a950bbf7f85c32e97e55dc011e","name":"woko-basqueteam","image":{"@type":"ImageObject","inLanguage":"eu-ES","@id":"https:\/\/secure.gravatar.com\/avatar\/ed80c52e552a422e5b1f3f89a7bc59e06998c3a23fd4bf594bec65e3b8f0e744?s=96&d=mm&r=g","url":"https:\/\/secure.gravatar.com\/avatar\/ed80c52e552a422e5b1f3f89a7bc59e06998c3a23fd4bf594bec65e3b8f0e744?s=96&d=mm&r=g","contentUrl":"https:\/\/secure.gravatar.com\/avatar\/ed80c52e552a422e5b1f3f89a7bc59e06998c3a23fd4bf594bec65e3b8f0e744?s=96&d=mm&r=g","caption":"woko-basqueteam"},"sameAs":["https:\/\/x.com\/woko"]}]}},"_links":{"self":[{"href":"https:\/\/basqueteam.eus\/eu\/wp-json\/wp\/v2\/posts\/7958","targetHints":{"allow":["GET"]}}],"collection":[{"href":"https:\/\/basqueteam.eus\/eu\/wp-json\/wp\/v2\/posts"}],"about":[{"href":"https:\/\/basqueteam.eus\/eu\/wp-json\/wp\/v2\/types\/post"}],"author":[{"embeddable":true,"href":"https:\/\/basqueteam.eus\/eu\/wp-json\/wp\/v2\/users\/5"}],"replies":[{"embeddable":true,"href":"https:\/\/basqueteam.eus\/eu\/wp-json\/wp\/v2\/comments?post=7958"}],"version-history":[{"count":1,"href":"https:\/\/basqueteam.eus\/eu\/wp-json\/wp\/v2\/posts\/7958\/revisions"}],"predecessor-version":[{"id":7959,"href":"https:\/\/basqueteam.eus\/eu\/wp-json\/wp\/v2\/posts\/7958\/revisions\/7959"}],"wp:featuredmedia":[{"embeddable":true,"href":"https:\/\/basqueteam.eus\/eu\/wp-json\/wp\/v2\/media\/7876"}],"wp:attachment":[{"href":"https:\/\/basqueteam.eus\/eu\/wp-json\/wp\/v2\/media?parent=7958"}],"wp:term":[{"taxonomy":"category","embeddable":true,"href":"https:\/\/basqueteam.eus\/eu\/wp-json\/wp\/v2\/categories?post=7958"},{"taxonomy":"post_tag","embeddable":true,"href":"https:\/\/basqueteam.eus\/eu\/wp-json\/wp\/v2\/tags?post=7958"}],"curies":[{"name":"wp","href":"https:\/\/api.w.org\/{rel}","templated":true}]}}