{"id":7780,"date":"2016-03-02T12:39:00","date_gmt":"2016-03-02T11:39:00","guid":{"rendered":"https:\/\/basqueteam.eus\/?p=7780"},"modified":"2022-08-06T12:41:00","modified_gmt":"2022-08-06T10:41:00","slug":"tania-calvok-olinpiar-plaza-lortu-du","status":"publish","type":"post","link":"https:\/\/basqueteam.eus\/eu\/blog\/tania-calvok-olinpiar-plaza-lortu-du\/","title":{"rendered":"Tania Calvok Rioko Jokoetarako olinpiar plaza lortu du"},"content":{"rendered":"\n<p>Tania Calvok, Helena Casasekin batera, olinpiar txartela lortu du taldekako abiadura proban, pista txirrindularitzako Londreseko Munduko Txapelketako proba zortzigarren bukatuta. Lasterketan Txina izan da nagusi Errusia eta Alemaniaren aurretik.<\/p>\n\n\n\n<p>\u201cEzin zuten hutsik egin eta horrela gertatu da. Taniak eta helenak erregulartasunari eutsi diote eta Rion egoteko saria hortxe dute. Gaur ezin zuten akatsik egin eta hortxe egon dira, beraz, zorionak ematea baino ez zait geratzen\u201d adierazi du Espainiako hautatzaileak, Salvador Meliak.<\/p>\n\n\n\n<p>Calvo y Casas marcaron un tiempo de 33.455, (con un parcial de 18.913 en la primera vuelta), solamente una plaza por debajo de Francia (33.258) y tres de Gran Breta\u00f1a (32.903). &#8220;Llev\u00e1bamos dos a\u00f1os esperando este momento&#8221;, di Calvok eta Casasek 33.455eko denbora egin dute (18.913ko partzialarekin lehenengo itzulian).<\/p>\n\n\n\n<p>Illart Zuazubiskar jazarpen probako laukotean aritu da, Julio Alberto Amores, Xavi Ca\u00f1ellas eta Vicente Garc\u00edarekin batera, eta 13. postuan bukatu dute lasterketa.<\/p>\n","protected":false},"excerpt":{"rendered":"<p>Tania Calvok, Helena Casasekin batera, olinpiar txartela lortu du taldekako abiadura proban, pista txirrindularitzako Londreseko Munduko Txapelketako proba zortzigarren bukatuta. [&hellip;]<\/p>\n","protected":false},"author":5,"featured_media":7767,"comment_status":"open","ping_status":"open","sticky":false,"template":"","format":"standard","meta":{"_acf_changed":false,"inline_featured_image":false,"footnotes":""},"categories":[2],"tags":[],"class_list":["post-7780","post","type-post","status-publish","format-standard","has-post-thumbnail","hentry","category-kategoriarik-gabe"],"acf":[],"yoast_head":"<!-- This site is optimized with the Yoast SEO plugin v27.3 - https:\/\/yoast.com\/product\/yoast-seo-wordpress\/ -->\n<title>Tania Calvok Rioko Jokoetarako olinpiar plaza lortu du - basqueteam<\/title>\n<meta name=\"robots\" content=\"index, follow, max-snippet:-1, max-image-preview:large, max-video-preview:-1\" \/>\n<link rel=\"canonical\" href=\"https:\/\/basqueteam.eus\/eu\/blog\/tania-calvok-olinpiar-plaza-lortu-du\/\" \/>\n<meta property=\"og:locale\" content=\"eu_ES\" \/>\n<meta property=\"og:type\" content=\"article\" \/>\n<meta property=\"og:title\" content=\"Tania Calvok Rioko Jokoetarako olinpiar plaza lortu du - basqueteam\" \/>\n<meta property=\"og:description\" content=\"Tania Calvok, Helena Casasekin batera, olinpiar txartela lortu du taldekako abiadura proban, pista txirrindularitzako Londreseko Munduko Txapelketako proba zortzigarren bukatuta. [&hellip;]\" \/>\n<meta property=\"og:url\" content=\"https:\/\/basqueteam.eus\/eu\/blog\/tania-calvok-olinpiar-plaza-lortu-du\/\" \/>\n<meta property=\"og:site_name\" content=\"basqueteam\" \/>\n<meta property=\"article:published_time\" content=\"2016-03-02T11:39:00+00:00\" \/>\n<meta property=\"article:modified_time\" content=\"2022-08-06T10:41:00+00:00\" \/>\n<meta property=\"og:image\" content=\"https:\/\/basqueteam.eus\/wp-content\/uploads\/2022\/08\/taniacalvo-juegosolimpicos016.jpg\" \/>\n\t<meta property=\"og:image:width\" content=\"990\" \/>\n\t<meta property=\"og:image:height\" content=\"627\" \/>\n\t<meta property=\"og:image:type\" content=\"image\/jpeg\" \/>\n<meta name=\"author\" content=\"woko-basqueteam\" \/>\n<meta name=\"twitter:card\" content=\"summary_large_image\" \/>\n<meta name=\"twitter:creator\" content=\"@woko\" \/>\n<script type=\"application\/ld+json\" class=\"yoast-schema-graph\">{\"@context\":\"https:\\\/\\\/schema.org\",\"@graph\":[{\"@type\":\"Article\",\"@id\":\"https:\\\/\\\/basqueteam.eus\\\/eu\\\/blog\\\/tania-calvok-olinpiar-plaza-lortu-du\\\/#article\",\"isPartOf\":{\"@id\":\"https:\\\/\\\/basqueteam.eus\\\/eu\\\/blog\\\/tania-calvok-olinpiar-plaza-lortu-du\\\/\"},\"author\":{\"name\":\"woko-basqueteam\",\"@id\":\"https:\\\/\\\/basqueteam.eus\\\/eu\\\/#\\\/schema\\\/person\\\/0e8938a950bbf7f85c32e97e55dc011e\"},\"headline\":\"Tania Calvok Rioko Jokoetarako olinpiar plaza lortu du\",\"datePublished\":\"2016-03-02T11:39:00+00:00\",\"dateModified\":\"2022-08-06T10:41:00+00:00\",\"mainEntityOfPage\":{\"@id\":\"https:\\\/\\\/basqueteam.eus\\\/eu\\\/blog\\\/tania-calvok-olinpiar-plaza-lortu-du\\\/\"},\"wordCount\":150,\"commentCount\":0,\"publisher\":{\"@id\":\"https:\\\/\\\/basqueteam.eus\\\/eu\\\/#organization\"},\"image\":{\"@id\":\"https:\\\/\\\/basqueteam.eus\\\/eu\\\/blog\\\/tania-calvok-olinpiar-plaza-lortu-du\\\/#primaryimage\"},\"thumbnailUrl\":\"https:\\\/\\\/basqueteam.eus\\\/wp-content\\\/uploads\\\/2022\\\/08\\\/taniacalvo-juegosolimpicos016.jpg\",\"articleSection\":[\"Kategoriarik gabe\"],\"inLanguage\":\"eu-ES\",\"potentialAction\":[{\"@type\":\"CommentAction\",\"name\":\"Comment\",\"target\":[\"https:\\\/\\\/basqueteam.eus\\\/eu\\\/blog\\\/tania-calvok-olinpiar-plaza-lortu-du\\\/#respond\"]}]},{\"@type\":\"WebPage\",\"@id\":\"https:\\\/\\\/basqueteam.eus\\\/eu\\\/blog\\\/tania-calvok-olinpiar-plaza-lortu-du\\\/\",\"url\":\"https:\\\/\\\/basqueteam.eus\\\/eu\\\/blog\\\/tania-calvok-olinpiar-plaza-lortu-du\\\/\",\"name\":\"Tania Calvok Rioko Jokoetarako olinpiar plaza lortu du - basqueteam\",\"isPartOf\":{\"@id\":\"https:\\\/\\\/basqueteam.eus\\\/eu\\\/#website\"},\"primaryImageOfPage\":{\"@id\":\"https:\\\/\\\/basqueteam.eus\\\/eu\\\/blog\\\/tania-calvok-olinpiar-plaza-lortu-du\\\/#primaryimage\"},\"image\":{\"@id\":\"https:\\\/\\\/basqueteam.eus\\\/eu\\\/blog\\\/tania-calvok-olinpiar-plaza-lortu-du\\\/#primaryimage\"},\"thumbnailUrl\":\"https:\\\/\\\/basqueteam.eus\\\/wp-content\\\/uploads\\\/2022\\\/08\\\/taniacalvo-juegosolimpicos016.jpg\",\"datePublished\":\"2016-03-02T11:39:00+00:00\",\"dateModified\":\"2022-08-06T10:41:00+00:00\",\"breadcrumb\":{\"@id\":\"https:\\\/\\\/basqueteam.eus\\\/eu\\\/blog\\\/tania-calvok-olinpiar-plaza-lortu-du\\\/#breadcrumb\"},\"inLanguage\":\"eu-ES\",\"potentialAction\":[{\"@type\":\"ReadAction\",\"target\":[\"https:\\\/\\\/basqueteam.eus\\\/eu\\\/blog\\\/tania-calvok-olinpiar-plaza-lortu-du\\\/\"]}]},{\"@type\":\"ImageObject\",\"inLanguage\":\"eu-ES\",\"@id\":\"https:\\\/\\\/basqueteam.eus\\\/eu\\\/blog\\\/tania-calvok-olinpiar-plaza-lortu-du\\\/#primaryimage\",\"url\":\"https:\\\/\\\/basqueteam.eus\\\/wp-content\\\/uploads\\\/2022\\\/08\\\/taniacalvo-juegosolimpicos016.jpg\",\"contentUrl\":\"https:\\\/\\\/basqueteam.eus\\\/wp-content\\\/uploads\\\/2022\\\/08\\\/taniacalvo-juegosolimpicos016.jpg\",\"width\":990,\"height\":627},{\"@type\":\"BreadcrumbList\",\"@id\":\"https:\\\/\\\/basqueteam.eus\\\/eu\\\/blog\\\/tania-calvok-olinpiar-plaza-lortu-du\\\/#breadcrumb\",\"itemListElement\":[{\"@type\":\"ListItem\",\"position\":1,\"name\":\"Portada\",\"item\":\"https:\\\/\\\/basqueteam.eus\\\/eu\\\/\"},{\"@type\":\"ListItem\",\"position\":2,\"name\":\"Tania Calvok Rioko Jokoetarako olinpiar plaza lortu du\"}]},{\"@type\":\"WebSite\",\"@id\":\"https:\\\/\\\/basqueteam.eus\\\/eu\\\/#website\",\"url\":\"https:\\\/\\\/basqueteam.eus\\\/eu\\\/\",\"name\":\"basqueteam\",\"description\":\"Goi Mailako Euskal kirola babesteko eratu den fundazioa da.\",\"publisher\":{\"@id\":\"https:\\\/\\\/basqueteam.eus\\\/eu\\\/#organization\"},\"potentialAction\":[{\"@type\":\"SearchAction\",\"target\":{\"@type\":\"EntryPoint\",\"urlTemplate\":\"https:\\\/\\\/basqueteam.eus\\\/eu\\\/?s={search_term_string}\"},\"query-input\":{\"@type\":\"PropertyValueSpecification\",\"valueRequired\":true,\"valueName\":\"search_term_string\"}}],\"inLanguage\":\"eu-ES\"},{\"@type\":\"Organization\",\"@id\":\"https:\\\/\\\/basqueteam.eus\\\/eu\\\/#organization\",\"name\":\"Basqueteam\",\"url\":\"https:\\\/\\\/basqueteam.eus\\\/eu\\\/\",\"logo\":{\"@type\":\"ImageObject\",\"inLanguage\":\"eu-ES\",\"@id\":\"https:\\\/\\\/basqueteam.eus\\\/eu\\\/#\\\/schema\\\/logo\\\/image\\\/\",\"url\":\"https:\\\/\\\/basqueteam.eus\\\/wp-content\\\/uploads\\\/2022\\\/09\\\/basque-team-logo-positivo.svg\",\"contentUrl\":\"https:\\\/\\\/basqueteam.eus\\\/wp-content\\\/uploads\\\/2022\\\/09\\\/basque-team-logo-positivo.svg\",\"width\":\"1024\",\"height\":\"1024\",\"caption\":\"Basqueteam\"},\"image\":{\"@id\":\"https:\\\/\\\/basqueteam.eus\\\/eu\\\/#\\\/schema\\\/logo\\\/image\\\/\"}},{\"@type\":\"Person\",\"@id\":\"https:\\\/\\\/basqueteam.eus\\\/eu\\\/#\\\/schema\\\/person\\\/0e8938a950bbf7f85c32e97e55dc011e\",\"name\":\"woko-basqueteam\",\"image\":{\"@type\":\"ImageObject\",\"inLanguage\":\"eu-ES\",\"@id\":\"https:\\\/\\\/secure.gravatar.com\\\/avatar\\\/ed80c52e552a422e5b1f3f89a7bc59e06998c3a23fd4bf594bec65e3b8f0e744?s=96&d=mm&r=g\",\"url\":\"https:\\\/\\\/secure.gravatar.com\\\/avatar\\\/ed80c52e552a422e5b1f3f89a7bc59e06998c3a23fd4bf594bec65e3b8f0e744?s=96&d=mm&r=g\",\"contentUrl\":\"https:\\\/\\\/secure.gravatar.com\\\/avatar\\\/ed80c52e552a422e5b1f3f89a7bc59e06998c3a23fd4bf594bec65e3b8f0e744?s=96&d=mm&r=g\",\"caption\":\"woko-basqueteam\"},\"sameAs\":[\"https:\\\/\\\/x.com\\\/woko\"]}]}<\/script>\n<!-- \/ Yoast SEO plugin. -->","yoast_head_json":{"title":"Tania Calvok Rioko Jokoetarako olinpiar plaza lortu du - basqueteam","robots":{"index":"index","follow":"follow","max-snippet":"max-snippet:-1","max-image-preview":"max-image-preview:large","max-video-preview":"max-video-preview:-1"},"canonical":"https:\/\/basqueteam.eus\/eu\/blog\/tania-calvok-olinpiar-plaza-lortu-du\/","og_locale":"eu_ES","og_type":"article","og_title":"Tania Calvok Rioko Jokoetarako olinpiar plaza lortu du - basqueteam","og_description":"Tania Calvok, Helena Casasekin batera, olinpiar txartela lortu du taldekako abiadura proban, pista txirrindularitzako Londreseko Munduko Txapelketako proba zortzigarren bukatuta. [&hellip;]","og_url":"https:\/\/basqueteam.eus\/eu\/blog\/tania-calvok-olinpiar-plaza-lortu-du\/","og_site_name":"basqueteam","article_published_time":"2016-03-02T11:39:00+00:00","article_modified_time":"2022-08-06T10:41:00+00:00","og_image":[{"width":990,"height":627,"url":"https:\/\/basqueteam.eus\/wp-content\/uploads\/2022\/08\/taniacalvo-juegosolimpicos016.jpg","type":"image\/jpeg"}],"author":"woko-basqueteam","twitter_card":"summary_large_image","twitter_creator":"@woko","schema":{"@context":"https:\/\/schema.org","@graph":[{"@type":"Article","@id":"https:\/\/basqueteam.eus\/eu\/blog\/tania-calvok-olinpiar-plaza-lortu-du\/#article","isPartOf":{"@id":"https:\/\/basqueteam.eus\/eu\/blog\/tania-calvok-olinpiar-plaza-lortu-du\/"},"author":{"name":"woko-basqueteam","@id":"https:\/\/basqueteam.eus\/eu\/#\/schema\/person\/0e8938a950bbf7f85c32e97e55dc011e"},"headline":"Tania Calvok Rioko Jokoetarako olinpiar plaza lortu du","datePublished":"2016-03-02T11:39:00+00:00","dateModified":"2022-08-06T10:41:00+00:00","mainEntityOfPage":{"@id":"https:\/\/basqueteam.eus\/eu\/blog\/tania-calvok-olinpiar-plaza-lortu-du\/"},"wordCount":150,"commentCount":0,"publisher":{"@id":"https:\/\/basqueteam.eus\/eu\/#organization"},"image":{"@id":"https:\/\/basqueteam.eus\/eu\/blog\/tania-calvok-olinpiar-plaza-lortu-du\/#primaryimage"},"thumbnailUrl":"https:\/\/basqueteam.eus\/wp-content\/uploads\/2022\/08\/taniacalvo-juegosolimpicos016.jpg","articleSection":["Kategoriarik gabe"],"inLanguage":"eu-ES","potentialAction":[{"@type":"CommentAction","name":"Comment","target":["https:\/\/basqueteam.eus\/eu\/blog\/tania-calvok-olinpiar-plaza-lortu-du\/#respond"]}]},{"@type":"WebPage","@id":"https:\/\/basqueteam.eus\/eu\/blog\/tania-calvok-olinpiar-plaza-lortu-du\/","url":"https:\/\/basqueteam.eus\/eu\/blog\/tania-calvok-olinpiar-plaza-lortu-du\/","name":"Tania Calvok Rioko Jokoetarako olinpiar plaza lortu du - basqueteam","isPartOf":{"@id":"https:\/\/basqueteam.eus\/eu\/#website"},"primaryImageOfPage":{"@id":"https:\/\/basqueteam.eus\/eu\/blog\/tania-calvok-olinpiar-plaza-lortu-du\/#primaryimage"},"image":{"@id":"https:\/\/basqueteam.eus\/eu\/blog\/tania-calvok-olinpiar-plaza-lortu-du\/#primaryimage"},"thumbnailUrl":"https:\/\/basqueteam.eus\/wp-content\/uploads\/2022\/08\/taniacalvo-juegosolimpicos016.jpg","datePublished":"2016-03-02T11:39:00+00:00","dateModified":"2022-08-06T10:41:00+00:00","breadcrumb":{"@id":"https:\/\/basqueteam.eus\/eu\/blog\/tania-calvok-olinpiar-plaza-lortu-du\/#breadcrumb"},"inLanguage":"eu-ES","potentialAction":[{"@type":"ReadAction","target":["https:\/\/basqueteam.eus\/eu\/blog\/tania-calvok-olinpiar-plaza-lortu-du\/"]}]},{"@type":"ImageObject","inLanguage":"eu-ES","@id":"https:\/\/basqueteam.eus\/eu\/blog\/tania-calvok-olinpiar-plaza-lortu-du\/#primaryimage","url":"https:\/\/basqueteam.eus\/wp-content\/uploads\/2022\/08\/taniacalvo-juegosolimpicos016.jpg","contentUrl":"https:\/\/basqueteam.eus\/wp-content\/uploads\/2022\/08\/taniacalvo-juegosolimpicos016.jpg","width":990,"height":627},{"@type":"BreadcrumbList","@id":"https:\/\/basqueteam.eus\/eu\/blog\/tania-calvok-olinpiar-plaza-lortu-du\/#breadcrumb","itemListElement":[{"@type":"ListItem","position":1,"name":"Portada","item":"https:\/\/basqueteam.eus\/eu\/"},{"@type":"ListItem","position":2,"name":"Tania Calvok Rioko Jokoetarako olinpiar plaza lortu du"}]},{"@type":"WebSite","@id":"https:\/\/basqueteam.eus\/eu\/#website","url":"https:\/\/basqueteam.eus\/eu\/","name":"basqueteam","description":"Goi Mailako Euskal kirola babesteko eratu den fundazioa da.","publisher":{"@id":"https:\/\/basqueteam.eus\/eu\/#organization"},"potentialAction":[{"@type":"SearchAction","target":{"@type":"EntryPoint","urlTemplate":"https:\/\/basqueteam.eus\/eu\/?s={search_term_string}"},"query-input":{"@type":"PropertyValueSpecification","valueRequired":true,"valueName":"search_term_string"}}],"inLanguage":"eu-ES"},{"@type":"Organization","@id":"https:\/\/basqueteam.eus\/eu\/#organization","name":"Basqueteam","url":"https:\/\/basqueteam.eus\/eu\/","logo":{"@type":"ImageObject","inLanguage":"eu-ES","@id":"https:\/\/basqueteam.eus\/eu\/#\/schema\/logo\/image\/","url":"https:\/\/basqueteam.eus\/wp-content\/uploads\/2022\/09\/basque-team-logo-positivo.svg","contentUrl":"https:\/\/basqueteam.eus\/wp-content\/uploads\/2022\/09\/basque-team-logo-positivo.svg","width":"1024","height":"1024","caption":"Basqueteam"},"image":{"@id":"https:\/\/basqueteam.eus\/eu\/#\/schema\/logo\/image\/"}},{"@type":"Person","@id":"https:\/\/basqueteam.eus\/eu\/#\/schema\/person\/0e8938a950bbf7f85c32e97e55dc011e","name":"woko-basqueteam","image":{"@type":"ImageObject","inLanguage":"eu-ES","@id":"https:\/\/secure.gravatar.com\/avatar\/ed80c52e552a422e5b1f3f89a7bc59e06998c3a23fd4bf594bec65e3b8f0e744?s=96&d=mm&r=g","url":"https:\/\/secure.gravatar.com\/avatar\/ed80c52e552a422e5b1f3f89a7bc59e06998c3a23fd4bf594bec65e3b8f0e744?s=96&d=mm&r=g","contentUrl":"https:\/\/secure.gravatar.com\/avatar\/ed80c52e552a422e5b1f3f89a7bc59e06998c3a23fd4bf594bec65e3b8f0e744?s=96&d=mm&r=g","caption":"woko-basqueteam"},"sameAs":["https:\/\/x.com\/woko"]}]}},"_links":{"self":[{"href":"https:\/\/basqueteam.eus\/eu\/wp-json\/wp\/v2\/posts\/7780","targetHints":{"allow":["GET"]}}],"collection":[{"href":"https:\/\/basqueteam.eus\/eu\/wp-json\/wp\/v2\/posts"}],"about":[{"href":"https:\/\/basqueteam.eus\/eu\/wp-json\/wp\/v2\/types\/post"}],"author":[{"embeddable":true,"href":"https:\/\/basqueteam.eus\/eu\/wp-json\/wp\/v2\/users\/5"}],"replies":[{"embeddable":true,"href":"https:\/\/basqueteam.eus\/eu\/wp-json\/wp\/v2\/comments?post=7780"}],"version-history":[{"count":1,"href":"https:\/\/basqueteam.eus\/eu\/wp-json\/wp\/v2\/posts\/7780\/revisions"}],"predecessor-version":[{"id":7781,"href":"https:\/\/basqueteam.eus\/eu\/wp-json\/wp\/v2\/posts\/7780\/revisions\/7781"}],"wp:featuredmedia":[{"embeddable":true,"href":"https:\/\/basqueteam.eus\/eu\/wp-json\/wp\/v2\/media\/7767"}],"wp:attachment":[{"href":"https:\/\/basqueteam.eus\/eu\/wp-json\/wp\/v2\/media?parent=7780"}],"wp:term":[{"taxonomy":"category","embeddable":true,"href":"https:\/\/basqueteam.eus\/eu\/wp-json\/wp\/v2\/categories?post=7780"},{"taxonomy":"post_tag","embeddable":true,"href":"https:\/\/basqueteam.eus\/eu\/wp-json\/wp\/v2\/tags?post=7780"}],"curies":[{"name":"wp","href":"https:\/\/api.w.org\/{rel}","templated":true}]}}