{"id":15550,"date":"2024-02-16T13:22:00","date_gmt":"2024-02-16T12:22:00","guid":{"rendered":"https:\/\/basqueteam.eus\/?p=15550"},"modified":"2024-04-26T13:26:49","modified_gmt":"2024-04-26T11:26:49","slug":"txostena-puerto-ricoko-munduko-txapelketa","status":"publish","type":"post","link":"https:\/\/basqueteam.eus\/eu\/blog\/txostena-puerto-ricoko-munduko-txapelketa\/","title":{"rendered":"TXOSTENA: Puerto Ricoko Munduko txapelketa"},"content":{"rendered":"\n<p><a href=\"https:\/\/drive.google.com\/drive\/u\/3\/folders\/1xngtuTL-mCMOI5BQXMn_8z4N9AfvrptV\">JAITSI TXOSTENA<\/a> <\/p>\n\n\n\n<p>En el Mundial de surf\u00a0que se disputar\u00e1 en Arecibo\u00a0(Puerto Rico)\u00a0tendremos a 7 (+2 suplentes)\u00a0deportistas\u00a0vascos y vascas compitiendo del 23 de febrero\u00a0al 3\u00a0de marzo: Andy Criere, Ariane Ochoa, Bitor Garitaonandia, Janire Gonzalez Etxabarri, Joan Duru, Kai Odriozola, Keoni Lasa, Nadia Erostarbe y\u00a0Yago Dominguez.\u00a0La prueba ser\u00e1 puntuable para los Juegos de Par\u00eds 2024, la \u00faltima opci\u00f3n para poder clasificarse. Toda la informaci\u00f3n (emplazamiento, perfiles de deportistas, procesos de clasificaci\u00f3n&#8230;) est\u00e1 disponible en el dossier descargable.<\/p>\n\n\n\n<p>La Fundaci\u00f3n Basque Team&nbsp;contar\u00e1 desde all\u00ed todo lo que suceda.&nbsp;<\/p>\n","protected":false},"excerpt":{"rendered":"<p>JAITSI TXOSTENA En el Mundial de surf\u00a0que se disputar\u00e1 en Arecibo\u00a0(Puerto Rico)\u00a0tendremos a 7 (+2 suplentes)\u00a0deportistas\u00a0vascos y vascas compitiendo del [&hellip;]<\/p>\n","protected":false},"author":2,"featured_media":15548,"comment_status":"open","ping_status":"open","sticky":false,"template":"","format":"standard","meta":{"_acf_changed":false,"inline_featured_image":false,"footnotes":""},"categories":[80],"tags":[],"class_list":["post-15550","post","type-post","status-publish","format-standard","has-post-thumbnail","hentry","category-surf-eu"],"acf":[],"yoast_head":"<!-- This site is optimized with the Yoast SEO plugin v27.3 - https:\/\/yoast.com\/product\/yoast-seo-wordpress\/ -->\n<title>TXOSTENA: Puerto Ricoko Munduko txapelketa - basqueteam<\/title>\n<meta name=\"robots\" content=\"index, follow, max-snippet:-1, max-image-preview:large, max-video-preview:-1\" \/>\n<link rel=\"canonical\" href=\"https:\/\/basqueteam.eus\/eu\/blog\/txostena-puerto-ricoko-munduko-txapelketa\/\" \/>\n<meta property=\"og:locale\" content=\"eu_ES\" \/>\n<meta property=\"og:type\" content=\"article\" \/>\n<meta property=\"og:title\" content=\"TXOSTENA: Puerto Ricoko Munduko txapelketa - basqueteam\" \/>\n<meta property=\"og:description\" content=\"JAITSI TXOSTENA En el Mundial de surf\u00a0que se disputar\u00e1 en Arecibo\u00a0(Puerto Rico)\u00a0tendremos a 7 (+2 suplentes)\u00a0deportistas\u00a0vascos y vascas compitiendo del [&hellip;]\" \/>\n<meta property=\"og:url\" content=\"https:\/\/basqueteam.eus\/eu\/blog\/txostena-puerto-ricoko-munduko-txapelketa\/\" \/>\n<meta property=\"og:site_name\" content=\"basqueteam\" \/>\n<meta property=\"article:published_time\" content=\"2024-02-16T12:22:00+00:00\" \/>\n<meta property=\"article:modified_time\" content=\"2024-04-26T11:26:49+00:00\" \/>\n<meta property=\"og:image\" content=\"https:\/\/basqueteam.eus\/wp-content\/uploads\/2024\/04\/Captura-de-Pantalla-2024-02-16-a-las-13.39.53.png\" \/>\n\t<meta property=\"og:image:width\" content=\"1142\" \/>\n\t<meta property=\"og:image:height\" content=\"1498\" \/>\n\t<meta property=\"og:image:type\" content=\"image\/png\" \/>\n<meta name=\"author\" content=\"basqueteam\" \/>\n<meta name=\"twitter:card\" content=\"summary_large_image\" \/>\n<meta name=\"twitter:creator\" content=\"@woko-basqueteam\" \/>\n<script type=\"application\/ld+json\" class=\"yoast-schema-graph\">{\"@context\":\"https:\\\/\\\/schema.org\",\"@graph\":[{\"@type\":\"Article\",\"@id\":\"https:\\\/\\\/basqueteam.eus\\\/eu\\\/blog\\\/txostena-puerto-ricoko-munduko-txapelketa\\\/#article\",\"isPartOf\":{\"@id\":\"https:\\\/\\\/basqueteam.eus\\\/eu\\\/blog\\\/txostena-puerto-ricoko-munduko-txapelketa\\\/\"},\"author\":{\"name\":\"basqueteam\",\"@id\":\"https:\\\/\\\/basqueteam.eus\\\/eu\\\/#\\\/schema\\\/person\\\/8cf879bf311cfcad5cd7df6dab171d49\"},\"headline\":\"TXOSTENA: Puerto Ricoko Munduko txapelketa\",\"datePublished\":\"2024-02-16T12:22:00+00:00\",\"dateModified\":\"2024-04-26T11:26:49+00:00\",\"mainEntityOfPage\":{\"@id\":\"https:\\\/\\\/basqueteam.eus\\\/eu\\\/blog\\\/txostena-puerto-ricoko-munduko-txapelketa\\\/\"},\"wordCount\":102,\"commentCount\":0,\"publisher\":{\"@id\":\"https:\\\/\\\/basqueteam.eus\\\/eu\\\/#organization\"},\"image\":{\"@id\":\"https:\\\/\\\/basqueteam.eus\\\/eu\\\/blog\\\/txostena-puerto-ricoko-munduko-txapelketa\\\/#primaryimage\"},\"thumbnailUrl\":\"https:\\\/\\\/basqueteam.eus\\\/wp-content\\\/uploads\\\/2024\\\/04\\\/Captura-de-Pantalla-2024-02-16-a-las-13.39.53.png\",\"articleSection\":[\"Surf\"],\"inLanguage\":\"eu-ES\",\"potentialAction\":[{\"@type\":\"CommentAction\",\"name\":\"Comment\",\"target\":[\"https:\\\/\\\/basqueteam.eus\\\/eu\\\/blog\\\/txostena-puerto-ricoko-munduko-txapelketa\\\/#respond\"]}]},{\"@type\":\"WebPage\",\"@id\":\"https:\\\/\\\/basqueteam.eus\\\/eu\\\/blog\\\/txostena-puerto-ricoko-munduko-txapelketa\\\/\",\"url\":\"https:\\\/\\\/basqueteam.eus\\\/eu\\\/blog\\\/txostena-puerto-ricoko-munduko-txapelketa\\\/\",\"name\":\"TXOSTENA: Puerto Ricoko Munduko txapelketa - basqueteam\",\"isPartOf\":{\"@id\":\"https:\\\/\\\/basqueteam.eus\\\/eu\\\/#website\"},\"primaryImageOfPage\":{\"@id\":\"https:\\\/\\\/basqueteam.eus\\\/eu\\\/blog\\\/txostena-puerto-ricoko-munduko-txapelketa\\\/#primaryimage\"},\"image\":{\"@id\":\"https:\\\/\\\/basqueteam.eus\\\/eu\\\/blog\\\/txostena-puerto-ricoko-munduko-txapelketa\\\/#primaryimage\"},\"thumbnailUrl\":\"https:\\\/\\\/basqueteam.eus\\\/wp-content\\\/uploads\\\/2024\\\/04\\\/Captura-de-Pantalla-2024-02-16-a-las-13.39.53.png\",\"datePublished\":\"2024-02-16T12:22:00+00:00\",\"dateModified\":\"2024-04-26T11:26:49+00:00\",\"breadcrumb\":{\"@id\":\"https:\\\/\\\/basqueteam.eus\\\/eu\\\/blog\\\/txostena-puerto-ricoko-munduko-txapelketa\\\/#breadcrumb\"},\"inLanguage\":\"eu-ES\",\"potentialAction\":[{\"@type\":\"ReadAction\",\"target\":[\"https:\\\/\\\/basqueteam.eus\\\/eu\\\/blog\\\/txostena-puerto-ricoko-munduko-txapelketa\\\/\"]}]},{\"@type\":\"ImageObject\",\"inLanguage\":\"eu-ES\",\"@id\":\"https:\\\/\\\/basqueteam.eus\\\/eu\\\/blog\\\/txostena-puerto-ricoko-munduko-txapelketa\\\/#primaryimage\",\"url\":\"https:\\\/\\\/basqueteam.eus\\\/wp-content\\\/uploads\\\/2024\\\/04\\\/Captura-de-Pantalla-2024-02-16-a-las-13.39.53.png\",\"contentUrl\":\"https:\\\/\\\/basqueteam.eus\\\/wp-content\\\/uploads\\\/2024\\\/04\\\/Captura-de-Pantalla-2024-02-16-a-las-13.39.53.png\",\"width\":1142,\"height\":1498},{\"@type\":\"BreadcrumbList\",\"@id\":\"https:\\\/\\\/basqueteam.eus\\\/eu\\\/blog\\\/txostena-puerto-ricoko-munduko-txapelketa\\\/#breadcrumb\",\"itemListElement\":[{\"@type\":\"ListItem\",\"position\":1,\"name\":\"Portada\",\"item\":\"https:\\\/\\\/basqueteam.eus\\\/eu\\\/\"},{\"@type\":\"ListItem\",\"position\":2,\"name\":\"TXOSTENA: Puerto Ricoko Munduko txapelketa\"}]},{\"@type\":\"WebSite\",\"@id\":\"https:\\\/\\\/basqueteam.eus\\\/eu\\\/#website\",\"url\":\"https:\\\/\\\/basqueteam.eus\\\/eu\\\/\",\"name\":\"basqueteam\",\"description\":\"Goi Mailako Euskal kirola babesteko eratu den fundazioa da.\",\"publisher\":{\"@id\":\"https:\\\/\\\/basqueteam.eus\\\/eu\\\/#organization\"},\"potentialAction\":[{\"@type\":\"SearchAction\",\"target\":{\"@type\":\"EntryPoint\",\"urlTemplate\":\"https:\\\/\\\/basqueteam.eus\\\/eu\\\/?s={search_term_string}\"},\"query-input\":{\"@type\":\"PropertyValueSpecification\",\"valueRequired\":true,\"valueName\":\"search_term_string\"}}],\"inLanguage\":\"eu-ES\"},{\"@type\":\"Organization\",\"@id\":\"https:\\\/\\\/basqueteam.eus\\\/eu\\\/#organization\",\"name\":\"Basqueteam\",\"url\":\"https:\\\/\\\/basqueteam.eus\\\/eu\\\/\",\"logo\":{\"@type\":\"ImageObject\",\"inLanguage\":\"eu-ES\",\"@id\":\"https:\\\/\\\/basqueteam.eus\\\/eu\\\/#\\\/schema\\\/logo\\\/image\\\/\",\"url\":\"https:\\\/\\\/basqueteam.eus\\\/wp-content\\\/uploads\\\/2022\\\/09\\\/basque-team-logo-positivo.svg\",\"contentUrl\":\"https:\\\/\\\/basqueteam.eus\\\/wp-content\\\/uploads\\\/2022\\\/09\\\/basque-team-logo-positivo.svg\",\"width\":\"1024\",\"height\":\"1024\",\"caption\":\"Basqueteam\"},\"image\":{\"@id\":\"https:\\\/\\\/basqueteam.eus\\\/eu\\\/#\\\/schema\\\/logo\\\/image\\\/\"}},{\"@type\":\"Person\",\"@id\":\"https:\\\/\\\/basqueteam.eus\\\/eu\\\/#\\\/schema\\\/person\\\/8cf879bf311cfcad5cd7df6dab171d49\",\"name\":\"basqueteam\",\"image\":{\"@type\":\"ImageObject\",\"inLanguage\":\"eu-ES\",\"@id\":\"https:\\\/\\\/secure.gravatar.com\\\/avatar\\\/d6c550c06d45a37b6ab35ce6bfd3c2331a318339958d7f6706b9740c1c17581d?s=96&d=mm&r=g\",\"url\":\"https:\\\/\\\/secure.gravatar.com\\\/avatar\\\/d6c550c06d45a37b6ab35ce6bfd3c2331a318339958d7f6706b9740c1c17581d?s=96&d=mm&r=g\",\"contentUrl\":\"https:\\\/\\\/secure.gravatar.com\\\/avatar\\\/d6c550c06d45a37b6ab35ce6bfd3c2331a318339958d7f6706b9740c1c17581d?s=96&d=mm&r=g\",\"caption\":\"basqueteam\"},\"sameAs\":[\"https:\\\/\\\/x.com\\\/woko-basqueteam\"]}]}<\/script>\n<!-- \/ Yoast SEO plugin. -->","yoast_head_json":{"title":"TXOSTENA: Puerto Ricoko Munduko txapelketa - basqueteam","robots":{"index":"index","follow":"follow","max-snippet":"max-snippet:-1","max-image-preview":"max-image-preview:large","max-video-preview":"max-video-preview:-1"},"canonical":"https:\/\/basqueteam.eus\/eu\/blog\/txostena-puerto-ricoko-munduko-txapelketa\/","og_locale":"eu_ES","og_type":"article","og_title":"TXOSTENA: Puerto Ricoko Munduko txapelketa - basqueteam","og_description":"JAITSI TXOSTENA En el Mundial de surf\u00a0que se disputar\u00e1 en Arecibo\u00a0(Puerto Rico)\u00a0tendremos a 7 (+2 suplentes)\u00a0deportistas\u00a0vascos y vascas compitiendo del [&hellip;]","og_url":"https:\/\/basqueteam.eus\/eu\/blog\/txostena-puerto-ricoko-munduko-txapelketa\/","og_site_name":"basqueteam","article_published_time":"2024-02-16T12:22:00+00:00","article_modified_time":"2024-04-26T11:26:49+00:00","og_image":[{"width":1142,"height":1498,"url":"https:\/\/basqueteam.eus\/wp-content\/uploads\/2024\/04\/Captura-de-Pantalla-2024-02-16-a-las-13.39.53.png","type":"image\/png"}],"author":"basqueteam","twitter_card":"summary_large_image","twitter_creator":"@woko-basqueteam","schema":{"@context":"https:\/\/schema.org","@graph":[{"@type":"Article","@id":"https:\/\/basqueteam.eus\/eu\/blog\/txostena-puerto-ricoko-munduko-txapelketa\/#article","isPartOf":{"@id":"https:\/\/basqueteam.eus\/eu\/blog\/txostena-puerto-ricoko-munduko-txapelketa\/"},"author":{"name":"basqueteam","@id":"https:\/\/basqueteam.eus\/eu\/#\/schema\/person\/8cf879bf311cfcad5cd7df6dab171d49"},"headline":"TXOSTENA: Puerto Ricoko Munduko txapelketa","datePublished":"2024-02-16T12:22:00+00:00","dateModified":"2024-04-26T11:26:49+00:00","mainEntityOfPage":{"@id":"https:\/\/basqueteam.eus\/eu\/blog\/txostena-puerto-ricoko-munduko-txapelketa\/"},"wordCount":102,"commentCount":0,"publisher":{"@id":"https:\/\/basqueteam.eus\/eu\/#organization"},"image":{"@id":"https:\/\/basqueteam.eus\/eu\/blog\/txostena-puerto-ricoko-munduko-txapelketa\/#primaryimage"},"thumbnailUrl":"https:\/\/basqueteam.eus\/wp-content\/uploads\/2024\/04\/Captura-de-Pantalla-2024-02-16-a-las-13.39.53.png","articleSection":["Surf"],"inLanguage":"eu-ES","potentialAction":[{"@type":"CommentAction","name":"Comment","target":["https:\/\/basqueteam.eus\/eu\/blog\/txostena-puerto-ricoko-munduko-txapelketa\/#respond"]}]},{"@type":"WebPage","@id":"https:\/\/basqueteam.eus\/eu\/blog\/txostena-puerto-ricoko-munduko-txapelketa\/","url":"https:\/\/basqueteam.eus\/eu\/blog\/txostena-puerto-ricoko-munduko-txapelketa\/","name":"TXOSTENA: Puerto Ricoko Munduko txapelketa - basqueteam","isPartOf":{"@id":"https:\/\/basqueteam.eus\/eu\/#website"},"primaryImageOfPage":{"@id":"https:\/\/basqueteam.eus\/eu\/blog\/txostena-puerto-ricoko-munduko-txapelketa\/#primaryimage"},"image":{"@id":"https:\/\/basqueteam.eus\/eu\/blog\/txostena-puerto-ricoko-munduko-txapelketa\/#primaryimage"},"thumbnailUrl":"https:\/\/basqueteam.eus\/wp-content\/uploads\/2024\/04\/Captura-de-Pantalla-2024-02-16-a-las-13.39.53.png","datePublished":"2024-02-16T12:22:00+00:00","dateModified":"2024-04-26T11:26:49+00:00","breadcrumb":{"@id":"https:\/\/basqueteam.eus\/eu\/blog\/txostena-puerto-ricoko-munduko-txapelketa\/#breadcrumb"},"inLanguage":"eu-ES","potentialAction":[{"@type":"ReadAction","target":["https:\/\/basqueteam.eus\/eu\/blog\/txostena-puerto-ricoko-munduko-txapelketa\/"]}]},{"@type":"ImageObject","inLanguage":"eu-ES","@id":"https:\/\/basqueteam.eus\/eu\/blog\/txostena-puerto-ricoko-munduko-txapelketa\/#primaryimage","url":"https:\/\/basqueteam.eus\/wp-content\/uploads\/2024\/04\/Captura-de-Pantalla-2024-02-16-a-las-13.39.53.png","contentUrl":"https:\/\/basqueteam.eus\/wp-content\/uploads\/2024\/04\/Captura-de-Pantalla-2024-02-16-a-las-13.39.53.png","width":1142,"height":1498},{"@type":"BreadcrumbList","@id":"https:\/\/basqueteam.eus\/eu\/blog\/txostena-puerto-ricoko-munduko-txapelketa\/#breadcrumb","itemListElement":[{"@type":"ListItem","position":1,"name":"Portada","item":"https:\/\/basqueteam.eus\/eu\/"},{"@type":"ListItem","position":2,"name":"TXOSTENA: Puerto Ricoko Munduko txapelketa"}]},{"@type":"WebSite","@id":"https:\/\/basqueteam.eus\/eu\/#website","url":"https:\/\/basqueteam.eus\/eu\/","name":"basqueteam","description":"Goi Mailako Euskal kirola babesteko eratu den fundazioa da.","publisher":{"@id":"https:\/\/basqueteam.eus\/eu\/#organization"},"potentialAction":[{"@type":"SearchAction","target":{"@type":"EntryPoint","urlTemplate":"https:\/\/basqueteam.eus\/eu\/?s={search_term_string}"},"query-input":{"@type":"PropertyValueSpecification","valueRequired":true,"valueName":"search_term_string"}}],"inLanguage":"eu-ES"},{"@type":"Organization","@id":"https:\/\/basqueteam.eus\/eu\/#organization","name":"Basqueteam","url":"https:\/\/basqueteam.eus\/eu\/","logo":{"@type":"ImageObject","inLanguage":"eu-ES","@id":"https:\/\/basqueteam.eus\/eu\/#\/schema\/logo\/image\/","url":"https:\/\/basqueteam.eus\/wp-content\/uploads\/2022\/09\/basque-team-logo-positivo.svg","contentUrl":"https:\/\/basqueteam.eus\/wp-content\/uploads\/2022\/09\/basque-team-logo-positivo.svg","width":"1024","height":"1024","caption":"Basqueteam"},"image":{"@id":"https:\/\/basqueteam.eus\/eu\/#\/schema\/logo\/image\/"}},{"@type":"Person","@id":"https:\/\/basqueteam.eus\/eu\/#\/schema\/person\/8cf879bf311cfcad5cd7df6dab171d49","name":"basqueteam","image":{"@type":"ImageObject","inLanguage":"eu-ES","@id":"https:\/\/secure.gravatar.com\/avatar\/d6c550c06d45a37b6ab35ce6bfd3c2331a318339958d7f6706b9740c1c17581d?s=96&d=mm&r=g","url":"https:\/\/secure.gravatar.com\/avatar\/d6c550c06d45a37b6ab35ce6bfd3c2331a318339958d7f6706b9740c1c17581d?s=96&d=mm&r=g","contentUrl":"https:\/\/secure.gravatar.com\/avatar\/d6c550c06d45a37b6ab35ce6bfd3c2331a318339958d7f6706b9740c1c17581d?s=96&d=mm&r=g","caption":"basqueteam"},"sameAs":["https:\/\/x.com\/woko-basqueteam"]}]}},"_links":{"self":[{"href":"https:\/\/basqueteam.eus\/eu\/wp-json\/wp\/v2\/posts\/15550","targetHints":{"allow":["GET"]}}],"collection":[{"href":"https:\/\/basqueteam.eus\/eu\/wp-json\/wp\/v2\/posts"}],"about":[{"href":"https:\/\/basqueteam.eus\/eu\/wp-json\/wp\/v2\/types\/post"}],"author":[{"embeddable":true,"href":"https:\/\/basqueteam.eus\/eu\/wp-json\/wp\/v2\/users\/2"}],"replies":[{"embeddable":true,"href":"https:\/\/basqueteam.eus\/eu\/wp-json\/wp\/v2\/comments?post=15550"}],"version-history":[{"count":1,"href":"https:\/\/basqueteam.eus\/eu\/wp-json\/wp\/v2\/posts\/15550\/revisions"}],"predecessor-version":[{"id":15551,"href":"https:\/\/basqueteam.eus\/eu\/wp-json\/wp\/v2\/posts\/15550\/revisions\/15551"}],"wp:featuredmedia":[{"embeddable":true,"href":"https:\/\/basqueteam.eus\/eu\/wp-json\/wp\/v2\/media\/15548"}],"wp:attachment":[{"href":"https:\/\/basqueteam.eus\/eu\/wp-json\/wp\/v2\/media?parent=15550"}],"wp:term":[{"taxonomy":"category","embeddable":true,"href":"https:\/\/basqueteam.eus\/eu\/wp-json\/wp\/v2\/categories?post=15550"},{"taxonomy":"post_tag","embeddable":true,"href":"https:\/\/basqueteam.eus\/eu\/wp-json\/wp\/v2\/tags?post=15550"}],"curies":[{"name":"wp","href":"https:\/\/api.w.org\/{rel}","templated":true}]}}