{"id":10378,"date":"2015-06-09T14:53:00","date_gmt":"2015-06-09T12:53:00","guid":{"rendered":"https:\/\/basqueteam.eus\/?p=10378"},"modified":"2022-09-19T14:54:45","modified_gmt":"2022-09-19T12:54:45","slug":"prentsaurreko-deialdia-jon-redondok-eusko-jaurlaritzako-kirol-zuzendariak-basque-team-2015eko-goi-mailako-kirol-beken-aurkezpena-egingo-du-asteazkenean-faduran","status":"publish","type":"post","link":"https:\/\/basqueteam.eus\/eu\/blog\/prentsaurreko-deialdia-jon-redondok-eusko-jaurlaritzako-kirol-zuzendariak-basque-team-2015eko-goi-mailako-kirol-beken-aurkezpena-egingo-du-asteazkenean-faduran\/","title":{"rendered":"PRENTSAURREKO DEIALDIA: JON REDONDOK, EUSKO JAURLARITZAKO KIROL ZUZENDARIAK, BASQUE TEAM 2015EKO GOI MAILAKO KIROL BEKEN AURKEZPENA EGINGO DU ASTEAZKENEAN FADURAN"},"content":{"rendered":"\n<p>Jasotako 120 eskarietatik Fundazioko Batzorde Teknikoak 76 onartu ditu, hau da, %63,3a<\/p>\n\n\n\n<p>Txostena banatuko da datu guztiekin eta detaile gisa, Basque Team-eko kamiseta berria<\/p>\n\n\n\n<p>DATA:&nbsp; ASTEAZKENA, 2015eko uztailaren 10a<br>ORDUA: 11:00ak<br>LEKUA: Fadurako Basque Team-en egoitza (Getxo)<\/p>\n\n\n\n<p>EKITALDIAREN EGITARAUA<\/p>\n\n\n\n<p>11.00etan&nbsp; ARGAZKIAK. ARGAZKILARI ETA KAMARALARIENTZAT DEIALDIA (Eraikinaren harreran)<br>11.10etan PRENTSAURREKOA<br>Parte hartuko dute:<br>&#8211; Jon Redondo, Eusko Jaurlaritzako Kirol Zuzendaria<br>&#8211; Ainhoa Murua, triatloilaria<br>&#8211; Lucas Eguibar, snowboarderra<br>&#8211; Antonio O\u00f1a, EDP Naturgas EnergIa-ko Harreman Instituzionaletako Zuzendaria<\/p>\n\n\n\n<p>Prentsaurrekoaren ondoren kafea eskeiniko da<\/p>\n\n\n\n<p>PARTE HARTUKO DUTE:<br>KIROLARIAK<br>&#8211;&nbsp;&nbsp; &nbsp;Mikel Odriozola- Atletismoa martxa<br>&#8211;&nbsp;&nbsp; &nbsp;Asier Cuevas- Atletismoa 100 km<br>&#8211;&nbsp;&nbsp; &nbsp;Asier Garc\u00eda- Saskibaloi egokitua<br>&#8211;&nbsp;&nbsp; &nbsp;Alex Uranga- Bodyboarda<br>&#8211;&nbsp;&nbsp; &nbsp;Sergio Vez- Curlinga<br>&#8211;&nbsp;&nbsp; &nbsp;Irantzu Garc\u00eda Vez- Curlinga<br>&#8211;&nbsp;&nbsp; &nbsp;Imanol Rojo- Iraupen eskia<br>&#8211;&nbsp;&nbsp; &nbsp;Kiyoshi Uematsu- Judoa<br>&#8211;&nbsp;&nbsp; &nbsp;Yagoba Vizuete- Karatea<br>&#8211;&nbsp;&nbsp; &nbsp;Maider Unda- Borroka librea<br>&#8211;&nbsp;&nbsp; &nbsp;I\u00f1igo Pe\u00f1a- Piraguismoa ur bareetan<br>&#8211;&nbsp;&nbsp; &nbsp;Xabier Ruiz de Aretxabaleta- Pirag\u00fcismo Maratoia<br>&#8211;&nbsp;&nbsp; &nbsp;Jon Carazo- Arrauna<br>&#8211;&nbsp;&nbsp; &nbsp;Aitor Puertas- Snowboard egokitua<br>&#8211;&nbsp;&nbsp; &nbsp;Lucas Eguibar- Snowboarda<br>&#8211;&nbsp;&nbsp; &nbsp;Elaia Torrontegi- Taekwondoa&nbsp; 46 kiloz azpikoa<br>&#8211;&nbsp;&nbsp; &nbsp;Iker Sastre- Mahai tenis egokitua<br>&#8211;&nbsp;&nbsp; &nbsp;Ainhoa Murua- Distantzia luzeko triatloia<\/p>\n\n\n\n<p>ENTRENATZAILEAK<br>&#8211; Raul Mena- Pistako txirrindularitza<br>&#8211; Tatsumi Uematsu- Judoa<br>&#8211; Angel Vizuete- Karatea<br>&#8211; Olatz Alkorta- Piraguismoa<br>&#8211; Joseba Saies- Ur bareetako piraguismoa<br>&#8211; I\u00f1igo Mujika &#8211; Triatloia<\/p>\n\n\n\n<p>KIROL ERAKUNDEAK<br>&#8211; Bera Bera Eskubaloi taldea:<br>o&nbsp;&nbsp; &nbsp;Esther Arrojeria, Uxue Ezkurdia eta Alba Men\u00e9ndez, jokalariak<br>o&nbsp;&nbsp; &nbsp;Tati Garmendia, Arloko arduraduna<\/p>\n\n\n\n<p>&#8211;&nbsp;&nbsp; &nbsp;Belar hockeyko Real Sociedad S.A.D<br>o&nbsp;&nbsp; &nbsp;Maialen Garcia eta Nerea Unceta, kirolariak<br>o&nbsp;&nbsp; &nbsp;Mar\u00eda Dolores Ayestar\u00e1n, Belar hockeyko arduraduna<\/p>\n\n\n\n<p>BABESLEAK<br>&#8211; &nbsp;&nbsp; &nbsp;EDP: Antonio O\u00f1a, EDP Naturgas Energ\u00edako Harreman Instituzionaletako Zuzendaria<br>&#8211;&nbsp;&nbsp; &nbsp;IMQ: Bego\u00f1a Gavicagogeascoa, Marketin saila<br>EUSKALTEL: Izartza Zorrozua, Babesletza eta Harreman Instituzionaletako Zuzendaria<\/p>\n","protected":false},"excerpt":{"rendered":"<p>Jasotako 120 eskarietatik Fundazioko Batzorde Teknikoak 76 onartu ditu, hau da, %63,3a Txostena banatuko da datu guztiekin eta detaile gisa, [&hellip;]<\/p>\n","protected":false},"author":5,"featured_media":0,"comment_status":"open","ping_status":"open","sticky":false,"template":"","format":"standard","meta":{"_acf_changed":false,"inline_featured_image":false,"footnotes":""},"categories":[84],"tags":[],"class_list":["post-10378","post","type-post","status-publish","format-standard","hentry","category-prentsa-oharrak"],"acf":[],"yoast_head":"<!-- This site is optimized with the Yoast SEO plugin v27.3 - https:\/\/yoast.com\/product\/yoast-seo-wordpress\/ -->\n<title>PRENTSAURREKO DEIALDIA: JON REDONDOK, EUSKO JAURLARITZAKO KIROL ZUZENDARIAK, BASQUE TEAM 2015EKO GOI MAILAKO KIROL BEKEN AURKEZPENA EGINGO DU ASTEAZKENEAN FADURAN - basqueteam<\/title>\n<meta name=\"robots\" content=\"index, follow, max-snippet:-1, max-image-preview:large, max-video-preview:-1\" \/>\n<link rel=\"canonical\" href=\"https:\/\/basqueteam.eus\/eu\/blog\/prentsaurreko-deialdia-jon-redondok-eusko-jaurlaritzako-kirol-zuzendariak-basque-team-2015eko-goi-mailako-kirol-beken-aurkezpena-egingo-du-asteazkenean-faduran\/\" \/>\n<meta property=\"og:locale\" content=\"eu_ES\" \/>\n<meta property=\"og:type\" content=\"article\" \/>\n<meta property=\"og:title\" content=\"PRENTSAURREKO DEIALDIA: JON REDONDOK, EUSKO JAURLARITZAKO KIROL ZUZENDARIAK, BASQUE TEAM 2015EKO GOI MAILAKO KIROL BEKEN AURKEZPENA EGINGO DU ASTEAZKENEAN FADURAN - basqueteam\" \/>\n<meta property=\"og:description\" content=\"Jasotako 120 eskarietatik Fundazioko Batzorde Teknikoak 76 onartu ditu, hau da, %63,3a Txostena banatuko da datu guztiekin eta detaile gisa, [&hellip;]\" \/>\n<meta property=\"og:url\" content=\"https:\/\/basqueteam.eus\/eu\/blog\/prentsaurreko-deialdia-jon-redondok-eusko-jaurlaritzako-kirol-zuzendariak-basque-team-2015eko-goi-mailako-kirol-beken-aurkezpena-egingo-du-asteazkenean-faduran\/\" \/>\n<meta property=\"og:site_name\" content=\"basqueteam\" \/>\n<meta property=\"article:published_time\" content=\"2015-06-09T12:53:00+00:00\" \/>\n<meta property=\"article:modified_time\" content=\"2022-09-19T12:54:45+00:00\" \/>\n<meta name=\"author\" content=\"woko-basqueteam\" \/>\n<meta name=\"twitter:card\" content=\"summary_large_image\" \/>\n<meta name=\"twitter:creator\" content=\"@woko\" \/>\n<script type=\"application\/ld+json\" class=\"yoast-schema-graph\">{\"@context\":\"https:\\\/\\\/schema.org\",\"@graph\":[{\"@type\":\"Article\",\"@id\":\"https:\\\/\\\/basqueteam.eus\\\/eu\\\/blog\\\/prentsaurreko-deialdia-jon-redondok-eusko-jaurlaritzako-kirol-zuzendariak-basque-team-2015eko-goi-mailako-kirol-beken-aurkezpena-egingo-du-asteazkenean-faduran\\\/#article\",\"isPartOf\":{\"@id\":\"https:\\\/\\\/basqueteam.eus\\\/eu\\\/blog\\\/prentsaurreko-deialdia-jon-redondok-eusko-jaurlaritzako-kirol-zuzendariak-basque-team-2015eko-goi-mailako-kirol-beken-aurkezpena-egingo-du-asteazkenean-faduran\\\/\"},\"author\":{\"name\":\"woko-basqueteam\",\"@id\":\"https:\\\/\\\/basqueteam.eus\\\/eu\\\/#\\\/schema\\\/person\\\/0e8938a950bbf7f85c32e97e55dc011e\"},\"headline\":\"PRENTSAURREKO DEIALDIA: JON REDONDOK, EUSKO JAURLARITZAKO KIROL ZUZENDARIAK, BASQUE TEAM 2015EKO GOI MAILAKO KIROL BEKEN AURKEZPENA EGINGO DU ASTEAZKENEAN FADURAN\",\"datePublished\":\"2015-06-09T12:53:00+00:00\",\"dateModified\":\"2022-09-19T12:54:45+00:00\",\"mainEntityOfPage\":{\"@id\":\"https:\\\/\\\/basqueteam.eus\\\/eu\\\/blog\\\/prentsaurreko-deialdia-jon-redondok-eusko-jaurlaritzako-kirol-zuzendariak-basque-team-2015eko-goi-mailako-kirol-beken-aurkezpena-egingo-du-asteazkenean-faduran\\\/\"},\"wordCount\":344,\"commentCount\":0,\"publisher\":{\"@id\":\"https:\\\/\\\/basqueteam.eus\\\/eu\\\/#organization\"},\"articleSection\":[\"Prentsa oharrak\"],\"inLanguage\":\"eu-ES\",\"potentialAction\":[{\"@type\":\"CommentAction\",\"name\":\"Comment\",\"target\":[\"https:\\\/\\\/basqueteam.eus\\\/eu\\\/blog\\\/prentsaurreko-deialdia-jon-redondok-eusko-jaurlaritzako-kirol-zuzendariak-basque-team-2015eko-goi-mailako-kirol-beken-aurkezpena-egingo-du-asteazkenean-faduran\\\/#respond\"]}]},{\"@type\":\"WebPage\",\"@id\":\"https:\\\/\\\/basqueteam.eus\\\/eu\\\/blog\\\/prentsaurreko-deialdia-jon-redondok-eusko-jaurlaritzako-kirol-zuzendariak-basque-team-2015eko-goi-mailako-kirol-beken-aurkezpena-egingo-du-asteazkenean-faduran\\\/\",\"url\":\"https:\\\/\\\/basqueteam.eus\\\/eu\\\/blog\\\/prentsaurreko-deialdia-jon-redondok-eusko-jaurlaritzako-kirol-zuzendariak-basque-team-2015eko-goi-mailako-kirol-beken-aurkezpena-egingo-du-asteazkenean-faduran\\\/\",\"name\":\"PRENTSAURREKO DEIALDIA: JON REDONDOK, EUSKO JAURLARITZAKO KIROL ZUZENDARIAK, BASQUE TEAM 2015EKO GOI MAILAKO KIROL BEKEN AURKEZPENA EGINGO DU ASTEAZKENEAN FADURAN - basqueteam\",\"isPartOf\":{\"@id\":\"https:\\\/\\\/basqueteam.eus\\\/eu\\\/#website\"},\"datePublished\":\"2015-06-09T12:53:00+00:00\",\"dateModified\":\"2022-09-19T12:54:45+00:00\",\"breadcrumb\":{\"@id\":\"https:\\\/\\\/basqueteam.eus\\\/eu\\\/blog\\\/prentsaurreko-deialdia-jon-redondok-eusko-jaurlaritzako-kirol-zuzendariak-basque-team-2015eko-goi-mailako-kirol-beken-aurkezpena-egingo-du-asteazkenean-faduran\\\/#breadcrumb\"},\"inLanguage\":\"eu-ES\",\"potentialAction\":[{\"@type\":\"ReadAction\",\"target\":[\"https:\\\/\\\/basqueteam.eus\\\/eu\\\/blog\\\/prentsaurreko-deialdia-jon-redondok-eusko-jaurlaritzako-kirol-zuzendariak-basque-team-2015eko-goi-mailako-kirol-beken-aurkezpena-egingo-du-asteazkenean-faduran\\\/\"]}]},{\"@type\":\"BreadcrumbList\",\"@id\":\"https:\\\/\\\/basqueteam.eus\\\/eu\\\/blog\\\/prentsaurreko-deialdia-jon-redondok-eusko-jaurlaritzako-kirol-zuzendariak-basque-team-2015eko-goi-mailako-kirol-beken-aurkezpena-egingo-du-asteazkenean-faduran\\\/#breadcrumb\",\"itemListElement\":[{\"@type\":\"ListItem\",\"position\":1,\"name\":\"Portada\",\"item\":\"https:\\\/\\\/basqueteam.eus\\\/eu\\\/\"},{\"@type\":\"ListItem\",\"position\":2,\"name\":\"PRENTSAURREKO DEIALDIA: JON REDONDOK, EUSKO JAURLARITZAKO KIROL ZUZENDARIAK, BASQUE TEAM 2015EKO GOI MAILAKO KIROL BEKEN AURKEZPENA EGINGO DU ASTEAZKENEAN FADURAN\"}]},{\"@type\":\"WebSite\",\"@id\":\"https:\\\/\\\/basqueteam.eus\\\/eu\\\/#website\",\"url\":\"https:\\\/\\\/basqueteam.eus\\\/eu\\\/\",\"name\":\"basqueteam\",\"description\":\"Goi Mailako Euskal kirola babesteko eratu den fundazioa da.\",\"publisher\":{\"@id\":\"https:\\\/\\\/basqueteam.eus\\\/eu\\\/#organization\"},\"potentialAction\":[{\"@type\":\"SearchAction\",\"target\":{\"@type\":\"EntryPoint\",\"urlTemplate\":\"https:\\\/\\\/basqueteam.eus\\\/eu\\\/?s={search_term_string}\"},\"query-input\":{\"@type\":\"PropertyValueSpecification\",\"valueRequired\":true,\"valueName\":\"search_term_string\"}}],\"inLanguage\":\"eu-ES\"},{\"@type\":\"Organization\",\"@id\":\"https:\\\/\\\/basqueteam.eus\\\/eu\\\/#organization\",\"name\":\"Basqueteam\",\"url\":\"https:\\\/\\\/basqueteam.eus\\\/eu\\\/\",\"logo\":{\"@type\":\"ImageObject\",\"inLanguage\":\"eu-ES\",\"@id\":\"https:\\\/\\\/basqueteam.eus\\\/eu\\\/#\\\/schema\\\/logo\\\/image\\\/\",\"url\":\"https:\\\/\\\/basqueteam.eus\\\/wp-content\\\/uploads\\\/2022\\\/09\\\/basque-team-logo-positivo.svg\",\"contentUrl\":\"https:\\\/\\\/basqueteam.eus\\\/wp-content\\\/uploads\\\/2022\\\/09\\\/basque-team-logo-positivo.svg\",\"width\":\"1024\",\"height\":\"1024\",\"caption\":\"Basqueteam\"},\"image\":{\"@id\":\"https:\\\/\\\/basqueteam.eus\\\/eu\\\/#\\\/schema\\\/logo\\\/image\\\/\"}},{\"@type\":\"Person\",\"@id\":\"https:\\\/\\\/basqueteam.eus\\\/eu\\\/#\\\/schema\\\/person\\\/0e8938a950bbf7f85c32e97e55dc011e\",\"name\":\"woko-basqueteam\",\"image\":{\"@type\":\"ImageObject\",\"inLanguage\":\"eu-ES\",\"@id\":\"https:\\\/\\\/secure.gravatar.com\\\/avatar\\\/ed80c52e552a422e5b1f3f89a7bc59e06998c3a23fd4bf594bec65e3b8f0e744?s=96&d=mm&r=g\",\"url\":\"https:\\\/\\\/secure.gravatar.com\\\/avatar\\\/ed80c52e552a422e5b1f3f89a7bc59e06998c3a23fd4bf594bec65e3b8f0e744?s=96&d=mm&r=g\",\"contentUrl\":\"https:\\\/\\\/secure.gravatar.com\\\/avatar\\\/ed80c52e552a422e5b1f3f89a7bc59e06998c3a23fd4bf594bec65e3b8f0e744?s=96&d=mm&r=g\",\"caption\":\"woko-basqueteam\"},\"sameAs\":[\"https:\\\/\\\/x.com\\\/woko\"]}]}<\/script>\n<!-- \/ Yoast SEO plugin. -->","yoast_head_json":{"title":"PRENTSAURREKO DEIALDIA: JON REDONDOK, EUSKO JAURLARITZAKO KIROL ZUZENDARIAK, BASQUE TEAM 2015EKO GOI MAILAKO KIROL BEKEN AURKEZPENA EGINGO DU ASTEAZKENEAN FADURAN - basqueteam","robots":{"index":"index","follow":"follow","max-snippet":"max-snippet:-1","max-image-preview":"max-image-preview:large","max-video-preview":"max-video-preview:-1"},"canonical":"https:\/\/basqueteam.eus\/eu\/blog\/prentsaurreko-deialdia-jon-redondok-eusko-jaurlaritzako-kirol-zuzendariak-basque-team-2015eko-goi-mailako-kirol-beken-aurkezpena-egingo-du-asteazkenean-faduran\/","og_locale":"eu_ES","og_type":"article","og_title":"PRENTSAURREKO DEIALDIA: JON REDONDOK, EUSKO JAURLARITZAKO KIROL ZUZENDARIAK, BASQUE TEAM 2015EKO GOI MAILAKO KIROL BEKEN AURKEZPENA EGINGO DU ASTEAZKENEAN FADURAN - basqueteam","og_description":"Jasotako 120 eskarietatik Fundazioko Batzorde Teknikoak 76 onartu ditu, hau da, %63,3a Txostena banatuko da datu guztiekin eta detaile gisa, [&hellip;]","og_url":"https:\/\/basqueteam.eus\/eu\/blog\/prentsaurreko-deialdia-jon-redondok-eusko-jaurlaritzako-kirol-zuzendariak-basque-team-2015eko-goi-mailako-kirol-beken-aurkezpena-egingo-du-asteazkenean-faduran\/","og_site_name":"basqueteam","article_published_time":"2015-06-09T12:53:00+00:00","article_modified_time":"2022-09-19T12:54:45+00:00","author":"woko-basqueteam","twitter_card":"summary_large_image","twitter_creator":"@woko","schema":{"@context":"https:\/\/schema.org","@graph":[{"@type":"Article","@id":"https:\/\/basqueteam.eus\/eu\/blog\/prentsaurreko-deialdia-jon-redondok-eusko-jaurlaritzako-kirol-zuzendariak-basque-team-2015eko-goi-mailako-kirol-beken-aurkezpena-egingo-du-asteazkenean-faduran\/#article","isPartOf":{"@id":"https:\/\/basqueteam.eus\/eu\/blog\/prentsaurreko-deialdia-jon-redondok-eusko-jaurlaritzako-kirol-zuzendariak-basque-team-2015eko-goi-mailako-kirol-beken-aurkezpena-egingo-du-asteazkenean-faduran\/"},"author":{"name":"woko-basqueteam","@id":"https:\/\/basqueteam.eus\/eu\/#\/schema\/person\/0e8938a950bbf7f85c32e97e55dc011e"},"headline":"PRENTSAURREKO DEIALDIA: JON REDONDOK, EUSKO JAURLARITZAKO KIROL ZUZENDARIAK, BASQUE TEAM 2015EKO GOI MAILAKO KIROL BEKEN AURKEZPENA EGINGO DU ASTEAZKENEAN FADURAN","datePublished":"2015-06-09T12:53:00+00:00","dateModified":"2022-09-19T12:54:45+00:00","mainEntityOfPage":{"@id":"https:\/\/basqueteam.eus\/eu\/blog\/prentsaurreko-deialdia-jon-redondok-eusko-jaurlaritzako-kirol-zuzendariak-basque-team-2015eko-goi-mailako-kirol-beken-aurkezpena-egingo-du-asteazkenean-faduran\/"},"wordCount":344,"commentCount":0,"publisher":{"@id":"https:\/\/basqueteam.eus\/eu\/#organization"},"articleSection":["Prentsa oharrak"],"inLanguage":"eu-ES","potentialAction":[{"@type":"CommentAction","name":"Comment","target":["https:\/\/basqueteam.eus\/eu\/blog\/prentsaurreko-deialdia-jon-redondok-eusko-jaurlaritzako-kirol-zuzendariak-basque-team-2015eko-goi-mailako-kirol-beken-aurkezpena-egingo-du-asteazkenean-faduran\/#respond"]}]},{"@type":"WebPage","@id":"https:\/\/basqueteam.eus\/eu\/blog\/prentsaurreko-deialdia-jon-redondok-eusko-jaurlaritzako-kirol-zuzendariak-basque-team-2015eko-goi-mailako-kirol-beken-aurkezpena-egingo-du-asteazkenean-faduran\/","url":"https:\/\/basqueteam.eus\/eu\/blog\/prentsaurreko-deialdia-jon-redondok-eusko-jaurlaritzako-kirol-zuzendariak-basque-team-2015eko-goi-mailako-kirol-beken-aurkezpena-egingo-du-asteazkenean-faduran\/","name":"PRENTSAURREKO DEIALDIA: JON REDONDOK, EUSKO JAURLARITZAKO KIROL ZUZENDARIAK, BASQUE TEAM 2015EKO GOI MAILAKO KIROL BEKEN AURKEZPENA EGINGO DU ASTEAZKENEAN FADURAN - basqueteam","isPartOf":{"@id":"https:\/\/basqueteam.eus\/eu\/#website"},"datePublished":"2015-06-09T12:53:00+00:00","dateModified":"2022-09-19T12:54:45+00:00","breadcrumb":{"@id":"https:\/\/basqueteam.eus\/eu\/blog\/prentsaurreko-deialdia-jon-redondok-eusko-jaurlaritzako-kirol-zuzendariak-basque-team-2015eko-goi-mailako-kirol-beken-aurkezpena-egingo-du-asteazkenean-faduran\/#breadcrumb"},"inLanguage":"eu-ES","potentialAction":[{"@type":"ReadAction","target":["https:\/\/basqueteam.eus\/eu\/blog\/prentsaurreko-deialdia-jon-redondok-eusko-jaurlaritzako-kirol-zuzendariak-basque-team-2015eko-goi-mailako-kirol-beken-aurkezpena-egingo-du-asteazkenean-faduran\/"]}]},{"@type":"BreadcrumbList","@id":"https:\/\/basqueteam.eus\/eu\/blog\/prentsaurreko-deialdia-jon-redondok-eusko-jaurlaritzako-kirol-zuzendariak-basque-team-2015eko-goi-mailako-kirol-beken-aurkezpena-egingo-du-asteazkenean-faduran\/#breadcrumb","itemListElement":[{"@type":"ListItem","position":1,"name":"Portada","item":"https:\/\/basqueteam.eus\/eu\/"},{"@type":"ListItem","position":2,"name":"PRENTSAURREKO DEIALDIA: JON REDONDOK, EUSKO JAURLARITZAKO KIROL ZUZENDARIAK, BASQUE TEAM 2015EKO GOI MAILAKO KIROL BEKEN AURKEZPENA EGINGO DU ASTEAZKENEAN FADURAN"}]},{"@type":"WebSite","@id":"https:\/\/basqueteam.eus\/eu\/#website","url":"https:\/\/basqueteam.eus\/eu\/","name":"basqueteam","description":"Goi Mailako Euskal kirola babesteko eratu den fundazioa da.","publisher":{"@id":"https:\/\/basqueteam.eus\/eu\/#organization"},"potentialAction":[{"@type":"SearchAction","target":{"@type":"EntryPoint","urlTemplate":"https:\/\/basqueteam.eus\/eu\/?s={search_term_string}"},"query-input":{"@type":"PropertyValueSpecification","valueRequired":true,"valueName":"search_term_string"}}],"inLanguage":"eu-ES"},{"@type":"Organization","@id":"https:\/\/basqueteam.eus\/eu\/#organization","name":"Basqueteam","url":"https:\/\/basqueteam.eus\/eu\/","logo":{"@type":"ImageObject","inLanguage":"eu-ES","@id":"https:\/\/basqueteam.eus\/eu\/#\/schema\/logo\/image\/","url":"https:\/\/basqueteam.eus\/wp-content\/uploads\/2022\/09\/basque-team-logo-positivo.svg","contentUrl":"https:\/\/basqueteam.eus\/wp-content\/uploads\/2022\/09\/basque-team-logo-positivo.svg","width":"1024","height":"1024","caption":"Basqueteam"},"image":{"@id":"https:\/\/basqueteam.eus\/eu\/#\/schema\/logo\/image\/"}},{"@type":"Person","@id":"https:\/\/basqueteam.eus\/eu\/#\/schema\/person\/0e8938a950bbf7f85c32e97e55dc011e","name":"woko-basqueteam","image":{"@type":"ImageObject","inLanguage":"eu-ES","@id":"https:\/\/secure.gravatar.com\/avatar\/ed80c52e552a422e5b1f3f89a7bc59e06998c3a23fd4bf594bec65e3b8f0e744?s=96&d=mm&r=g","url":"https:\/\/secure.gravatar.com\/avatar\/ed80c52e552a422e5b1f3f89a7bc59e06998c3a23fd4bf594bec65e3b8f0e744?s=96&d=mm&r=g","contentUrl":"https:\/\/secure.gravatar.com\/avatar\/ed80c52e552a422e5b1f3f89a7bc59e06998c3a23fd4bf594bec65e3b8f0e744?s=96&d=mm&r=g","caption":"woko-basqueteam"},"sameAs":["https:\/\/x.com\/woko"]}]}},"_links":{"self":[{"href":"https:\/\/basqueteam.eus\/eu\/wp-json\/wp\/v2\/posts\/10378","targetHints":{"allow":["GET"]}}],"collection":[{"href":"https:\/\/basqueteam.eus\/eu\/wp-json\/wp\/v2\/posts"}],"about":[{"href":"https:\/\/basqueteam.eus\/eu\/wp-json\/wp\/v2\/types\/post"}],"author":[{"embeddable":true,"href":"https:\/\/basqueteam.eus\/eu\/wp-json\/wp\/v2\/users\/5"}],"replies":[{"embeddable":true,"href":"https:\/\/basqueteam.eus\/eu\/wp-json\/wp\/v2\/comments?post=10378"}],"version-history":[{"count":1,"href":"https:\/\/basqueteam.eus\/eu\/wp-json\/wp\/v2\/posts\/10378\/revisions"}],"predecessor-version":[{"id":10379,"href":"https:\/\/basqueteam.eus\/eu\/wp-json\/wp\/v2\/posts\/10378\/revisions\/10379"}],"wp:attachment":[{"href":"https:\/\/basqueteam.eus\/eu\/wp-json\/wp\/v2\/media?parent=10378"}],"wp:term":[{"taxonomy":"category","embeddable":true,"href":"https:\/\/basqueteam.eus\/eu\/wp-json\/wp\/v2\/categories?post=10378"},{"taxonomy":"post_tag","embeddable":true,"href":"https:\/\/basqueteam.eus\/eu\/wp-json\/wp\/v2\/tags?post=10378"}],"curies":[{"name":"wp","href":"https:\/\/api.w.org\/{rel}","templated":true}]}}